{"id":953,"date":"2024-08-11T17:16:11","date_gmt":"2024-08-11T15:16:11","guid":{"rendered":"https:\/\/24-stunden-schwimmen.de\/?p=953"},"modified":"2024-08-11T17:16:13","modified_gmt":"2024-08-11T15:16:13","slug":"von-meiningen-nach-groenland","status":"publish","type":"post","link":"https:\/\/24-stunden-schwimmen.de\/?p=953","title":{"rendered":"Von Meiningen nach Gr\u00f6nland"},"content":{"rendered":"\n<p><strong>24-Stunden-Schwimmen mit neuem Strecken-Rekord<\/strong><\/p>\n\n\n\n<p>3.512 Kilometer oder anders gesagt 3,5 Millionen Meter \u2013 und damit einen neuen Streckenrekord &#8211; haben 807 gro\u00dfe und kleine Wasserratten bei der 27. Auflage des Meininger 24-Stunden-Schwimmen gemeinsam im Wasser im Freizeitzentrum Rohrer Stirn zur\u00fcckgelegt. Von Samstag 14 Uhr bis Sonntag 14 Uhr z\u00e4hlten mehr als 250 ehrenamtlich Engagierte die Schwimmmeter und sorgten sich f\u00fcr das Wohl der Schwimmenden.<\/p>\n\n\n\n<figure class=\"wp-block-image size-large\"><img loading=\"lazy\" decoding=\"async\" width=\"1024\" height=\"681\" src=\"https:\/\/24-stunden-schwimmen.de\/wp-content\/uploads\/2024\/08\/DSC0394-1024x681.jpg\" alt=\"\" class=\"wp-image-957\" srcset=\"https:\/\/24-stunden-schwimmen.de\/wp-content\/uploads\/2024\/08\/DSC0394-1024x681.jpg 1024w, https:\/\/24-stunden-schwimmen.de\/wp-content\/uploads\/2024\/08\/DSC0394-300x199.jpg 300w, https:\/\/24-stunden-schwimmen.de\/wp-content\/uploads\/2024\/08\/DSC0394-768x511.jpg 768w, https:\/\/24-stunden-schwimmen.de\/wp-content\/uploads\/2024\/08\/DSC0394-1536x1021.jpg 1536w, https:\/\/24-stunden-schwimmen.de\/wp-content\/uploads\/2024\/08\/DSC0394-2048x1362.jpg 2048w\" sizes=\"auto, (max-width: 1024px) 100vw, 1024px\" \/><\/figure>\n\n\n\n<p>Der Meininger Schwimmklassiker hat am Wochenende wieder eindrucksvoll bewiesen, dass er in Europa zu den sch\u00f6nsten und gr\u00f6\u00dften Veranstaltung dieses Formates z\u00e4hlt. Es ist die besondere Mischung aus Breiten- und Extremsport, die besondere Mischung aus Sport, Spa\u00df und Unterhaltung, die das Meininger 24-Stunden-Schwimmen weit \u00fcber die Stadt-, Kreis- und Landesgrenzen hinaus bekannt und beliebt gemacht hat.<\/p>\n\n\n\n<figure class=\"wp-block-image size-large\"><img loading=\"lazy\" decoding=\"async\" width=\"1024\" height=\"681\" src=\"https:\/\/24-stunden-schwimmen.de\/wp-content\/uploads\/2024\/08\/DSC0329-1024x681.jpg\" alt=\"\" class=\"wp-image-955\" srcset=\"https:\/\/24-stunden-schwimmen.de\/wp-content\/uploads\/2024\/08\/DSC0329-1024x681.jpg 1024w, https:\/\/24-stunden-schwimmen.de\/wp-content\/uploads\/2024\/08\/DSC0329-300x199.jpg 300w, https:\/\/24-stunden-schwimmen.de\/wp-content\/uploads\/2024\/08\/DSC0329-768x511.jpg 768w, https:\/\/24-stunden-schwimmen.de\/wp-content\/uploads\/2024\/08\/DSC0329-1536x1021.jpg 1536w, https:\/\/24-stunden-schwimmen.de\/wp-content\/uploads\/2024\/08\/DSC0329-2048x1362.jpg 2048w\" sizes=\"auto, (max-width: 1024px) 100vw, 1024px\" \/><\/figure>\n\n\n\n<p>Eric Seller holte sich mit seinem diesj\u00e4hrigen Sieg und einer Strecke von 60,15 Kilometern seinen dritten Titel in Folge und damit einen klassischen Hattrick musste sich die oberste Podeststufe mit Alexander Locke teilen, der eine identische Weite erreichte. Auf Platz drei kam Ulf Karnikowski mit 53,15 km. Bei den Frauen teilten sich Antje Hoffmann und Carolin Jacob mit 36,0 km den dritten Platz, hinter Ann Kathrin Wutz (46,35 km) und Katharina Emmert (50,05 km).<\/p>\n\n\n\n<figure class=\"wp-block-image size-large\"><img loading=\"lazy\" decoding=\"async\" width=\"1024\" height=\"681\" src=\"https:\/\/24-stunden-schwimmen.de\/wp-content\/uploads\/2024\/08\/DSC0351-1024x681.jpg\" alt=\"\" class=\"wp-image-956\" srcset=\"https:\/\/24-stunden-schwimmen.de\/wp-content\/uploads\/2024\/08\/DSC0351-1024x681.jpg 1024w, https:\/\/24-stunden-schwimmen.de\/wp-content\/uploads\/2024\/08\/DSC0351-300x199.jpg 300w, https:\/\/24-stunden-schwimmen.de\/wp-content\/uploads\/2024\/08\/DSC0351-768x511.jpg 768w, https:\/\/24-stunden-schwimmen.de\/wp-content\/uploads\/2024\/08\/DSC0351-1536x1021.jpg 1536w, https:\/\/24-stunden-schwimmen.de\/wp-content\/uploads\/2024\/08\/DSC0351-2048x1362.jpg 2048w\" sizes=\"auto, (max-width: 1024px) 100vw, 1024px\" \/><\/figure>\n\n\n\n<p>Mit f\u00fcnf Jahren war Levi R\u00f6sser der j\u00fcngste Teilnehmer und mit 86 Jahren Dr. Karl Christian M\u00fcller der \u00e4lteste. Insgesamt waren neben dem B\u00e4derteam der Meininger Stadtwerke auch knapp 300 ehrenamtlich Helfende im Einsatz und sorgten f\u00fcr einen reibungslosen Ablauf der Veranstaltung.<\/p>\n\n\n\n<figure class=\"wp-block-image size-large\"><img loading=\"lazy\" decoding=\"async\" width=\"1024\" height=\"576\" src=\"https:\/\/24-stunden-schwimmen.de\/wp-content\/uploads\/2024\/08\/DJI_0450-1024x576.jpg\" alt=\"\" class=\"wp-image-958\" srcset=\"https:\/\/24-stunden-schwimmen.de\/wp-content\/uploads\/2024\/08\/DJI_0450-1024x576.jpg 1024w, https:\/\/24-stunden-schwimmen.de\/wp-content\/uploads\/2024\/08\/DJI_0450-300x169.jpg 300w, https:\/\/24-stunden-schwimmen.de\/wp-content\/uploads\/2024\/08\/DJI_0450-768x432.jpg 768w, https:\/\/24-stunden-schwimmen.de\/wp-content\/uploads\/2024\/08\/DJI_0450-1536x864.jpg 1536w, https:\/\/24-stunden-schwimmen.de\/wp-content\/uploads\/2024\/08\/DJI_0450-2048x1152.jpg 2048w\" sizes=\"auto, (max-width: 1024px) 100vw, 1024px\" \/><\/figure>\n\n\n\n<p>Alle &#8211;> <a href=\"https:\/\/24-stunden-schwimmen.de\/?page_id=37\">Ergebnisse<\/a><\/p>\n","protected":false},"excerpt":{"rendered":"<p>24-Stunden-Schwimmen mit neuem Strecken-Rekord 3.512 Kilometer oder anders gesagt 3,5 Millionen Meter \u2013 und damit einen neuen Streckenrekord &#8211; haben 807 gro\u00dfe und kleine Wasserratten bei der 27. Auflage des Meininger 24-Stunden-Schwimmen gemeinsam im Wasser im Freizeitzentrum Rohrer Stirn zur\u00fcckgelegt. &hellip; <a href=\"https:\/\/24-stunden-schwimmen.de\/?p=953\">Weiter<\/a><\/p>\n","protected":false},"author":3,"featured_media":954,"comment_status":"closed","ping_status":"open","sticky":false,"template":"","format":"standard","meta":{"_eb_attr":"","kt_blocks_editor_width":"","footnotes":""},"categories":[1],"tags":[],"class_list":["post-953","post","type-post","status-publish","format-standard","has-post-thumbnail","hentry","category-uncategorized"],"yoast_head":"<!-- This site is optimized with the Yoast SEO plugin v27.5 - https:\/\/yoast.com\/product\/yoast-seo-wordpress\/ -->\n<title>Von Meiningen nach Gr\u00f6nland - Das Meininger 24-Stunden-Schwimmen<\/title>\n<meta name=\"robots\" content=\"index, follow, max-snippet:-1, max-image-preview:large, max-video-preview:-1\" \/>\n<link rel=\"canonical\" href=\"https:\/\/24-stunden-schwimmen.de\/?p=953\" \/>\n<meta property=\"og:locale\" content=\"de_DE\" \/>\n<meta property=\"og:type\" content=\"article\" \/>\n<meta property=\"og:title\" content=\"Von Meiningen nach Gr\u00f6nland - Das Meininger 24-Stunden-Schwimmen\" \/>\n<meta property=\"og:description\" content=\"24-Stunden-Schwimmen mit neuem Strecken-Rekord 3.512 Kilometer oder anders gesagt 3,5 Millionen Meter \u2013 und damit einen neuen Streckenrekord &#8211; haben 807 gro\u00dfe und kleine Wasserratten bei der 27. Auflage des Meininger 24-Stunden-Schwimmen gemeinsam im Wasser im Freizeitzentrum Rohrer Stirn zur\u00fcckgelegt. &hellip; Weiter\" \/>\n<meta property=\"og:url\" content=\"https:\/\/24-stunden-schwimmen.de\/?p=953\" \/>\n<meta property=\"og:site_name\" content=\"Das Meininger 24-Stunden-Schwimmen\" \/>\n<meta property=\"article:publisher\" content=\"https:\/\/www.facebook.com\/Meininger24StundenSchwimmen\" \/>\n<meta property=\"article:published_time\" content=\"2024-08-11T15:16:11+00:00\" \/>\n<meta property=\"article:modified_time\" content=\"2024-08-11T15:16:13+00:00\" \/>\n<meta property=\"og:image\" content=\"https:\/\/24-stunden-schwimmen.de\/wp-content\/uploads\/2024\/08\/DSC0684-scaled.jpg\" \/>\n\t<meta property=\"og:image:width\" content=\"2560\" \/>\n\t<meta property=\"og:image:height\" content=\"1702\" \/>\n\t<meta property=\"og:image:type\" content=\"image\/jpeg\" \/>\n<meta name=\"author\" content=\"Dirk Bradschetl\" \/>\n<meta name=\"twitter:card\" content=\"summary_large_image\" \/>\n<meta name=\"twitter:label1\" content=\"Verfasst von\" \/>\n\t<meta name=\"twitter:data1\" content=\"Dirk Bradschetl\" \/>\n\t<meta name=\"twitter:label2\" content=\"Gesch\u00e4tzte Lesezeit\" \/>\n\t<meta name=\"twitter:data2\" content=\"1\u00a0Minute\" \/>\n<script type=\"application\/ld+json\" class=\"yoast-schema-graph\">{\"@context\":\"https:\\\/\\\/schema.org\",\"@graph\":[{\"@type\":\"Article\",\"@id\":\"https:\\\/\\\/24-stunden-schwimmen.de\\\/?p=953#article\",\"isPartOf\":{\"@id\":\"https:\\\/\\\/24-stunden-schwimmen.de\\\/?p=953\"},\"author\":{\"name\":\"Dirk Bradschetl\",\"@id\":\"https:\\\/\\\/24-stunden-schwimmen.de\\\/#\\\/schema\\\/person\\\/c49719a77f078e117efa20f756da9e24\"},\"headline\":\"Von Meiningen nach Gr\u00f6nland\",\"datePublished\":\"2024-08-11T15:16:11+00:00\",\"dateModified\":\"2024-08-11T15:16:13+00:00\",\"mainEntityOfPage\":{\"@id\":\"https:\\\/\\\/24-stunden-schwimmen.de\\\/?p=953\"},\"wordCount\":243,\"publisher\":{\"@id\":\"https:\\\/\\\/24-stunden-schwimmen.de\\\/#organization\"},\"image\":{\"@id\":\"https:\\\/\\\/24-stunden-schwimmen.de\\\/?p=953#primaryimage\"},\"thumbnailUrl\":\"https:\\\/\\\/24-stunden-schwimmen.de\\\/wp-content\\\/uploads\\\/2024\\\/08\\\/DSC0684-scaled.jpg\",\"articleSection\":[\"Uncategorized\"],\"inLanguage\":\"de\"},{\"@type\":\"WebPage\",\"@id\":\"https:\\\/\\\/24-stunden-schwimmen.de\\\/?p=953\",\"url\":\"https:\\\/\\\/24-stunden-schwimmen.de\\\/?p=953\",\"name\":\"Von Meiningen nach Gr\u00f6nland - Das Meininger 24-Stunden-Schwimmen\",\"isPartOf\":{\"@id\":\"https:\\\/\\\/24-stunden-schwimmen.de\\\/#website\"},\"primaryImageOfPage\":{\"@id\":\"https:\\\/\\\/24-stunden-schwimmen.de\\\/?p=953#primaryimage\"},\"image\":{\"@id\":\"https:\\\/\\\/24-stunden-schwimmen.de\\\/?p=953#primaryimage\"},\"thumbnailUrl\":\"https:\\\/\\\/24-stunden-schwimmen.de\\\/wp-content\\\/uploads\\\/2024\\\/08\\\/DSC0684-scaled.jpg\",\"datePublished\":\"2024-08-11T15:16:11+00:00\",\"dateModified\":\"2024-08-11T15:16:13+00:00\",\"breadcrumb\":{\"@id\":\"https:\\\/\\\/24-stunden-schwimmen.de\\\/?p=953#breadcrumb\"},\"inLanguage\":\"de\",\"potentialAction\":[{\"@type\":\"ReadAction\",\"target\":[\"https:\\\/\\\/24-stunden-schwimmen.de\\\/?p=953\"]}]},{\"@type\":\"ImageObject\",\"inLanguage\":\"de\",\"@id\":\"https:\\\/\\\/24-stunden-schwimmen.de\\\/?p=953#primaryimage\",\"url\":\"https:\\\/\\\/24-stunden-schwimmen.de\\\/wp-content\\\/uploads\\\/2024\\\/08\\\/DSC0684-scaled.jpg\",\"contentUrl\":\"https:\\\/\\\/24-stunden-schwimmen.de\\\/wp-content\\\/uploads\\\/2024\\\/08\\\/DSC0684-scaled.jpg\",\"width\":2560,\"height\":1702},{\"@type\":\"BreadcrumbList\",\"@id\":\"https:\\\/\\\/24-stunden-schwimmen.de\\\/?p=953#breadcrumb\",\"itemListElement\":[{\"@type\":\"ListItem\",\"position\":1,\"name\":\"Startseite\",\"item\":\"https:\\\/\\\/24-stunden-schwimmen.de\\\/\"},{\"@type\":\"ListItem\",\"position\":2,\"name\":\"Von Meiningen nach Gr\u00f6nland\"}]},{\"@type\":\"WebSite\",\"@id\":\"https:\\\/\\\/24-stunden-schwimmen.de\\\/#website\",\"url\":\"https:\\\/\\\/24-stunden-schwimmen.de\\\/\",\"name\":\"Das Meininger 24-Stunden-Schwimmen\",\"description\":\"Der Schwimmklassiker in Meiningen (Th\u00fcringen)\",\"publisher\":{\"@id\":\"https:\\\/\\\/24-stunden-schwimmen.de\\\/#organization\"},\"potentialAction\":[{\"@type\":\"SearchAction\",\"target\":{\"@type\":\"EntryPoint\",\"urlTemplate\":\"https:\\\/\\\/24-stunden-schwimmen.de\\\/?s={search_term_string}\"},\"query-input\":{\"@type\":\"PropertyValueSpecification\",\"valueRequired\":true,\"valueName\":\"search_term_string\"}}],\"inLanguage\":\"de\"},{\"@type\":\"Organization\",\"@id\":\"https:\\\/\\\/24-stunden-schwimmen.de\\\/#organization\",\"name\":\"Meininger Schwimmverein \\\"Wasserfreunde\\\" e.V.\",\"url\":\"https:\\\/\\\/24-stunden-schwimmen.de\\\/\",\"logo\":{\"@type\":\"ImageObject\",\"inLanguage\":\"de\",\"@id\":\"https:\\\/\\\/24-stunden-schwimmen.de\\\/#\\\/schema\\\/logo\\\/image\\\/\",\"url\":\"https:\\\/\\\/24-stunden-schwimmen.de\\\/wp-content\\\/uploads\\\/2023\\\/06\\\/24h-Logo.webp\",\"contentUrl\":\"https:\\\/\\\/24-stunden-schwimmen.de\\\/wp-content\\\/uploads\\\/2023\\\/06\\\/24h-Logo.webp\",\"width\":320,\"height\":330,\"caption\":\"Meininger Schwimmverein \\\"Wasserfreunde\\\" e.V.\"},\"image\":{\"@id\":\"https:\\\/\\\/24-stunden-schwimmen.de\\\/#\\\/schema\\\/logo\\\/image\\\/\"},\"sameAs\":[\"https:\\\/\\\/www.facebook.com\\\/Meininger24StundenSchwimmen\",\"https:\\\/\\\/www.instagram.com\\\/svwasserfreunde\\\/\",\"https:\\\/\\\/www.youtube.com\\\/channel\\\/UC6X4rRlZrgOI3k-11MJbr6A\\\/featured\"]},{\"@type\":\"Person\",\"@id\":\"https:\\\/\\\/24-stunden-schwimmen.de\\\/#\\\/schema\\\/person\\\/c49719a77f078e117efa20f756da9e24\",\"name\":\"Dirk Bradschetl\",\"image\":{\"@type\":\"ImageObject\",\"inLanguage\":\"de\",\"@id\":\"https:\\\/\\\/secure.gravatar.com\\\/avatar\\\/6e243aed87ea9fe28d2ee9c0fde412bffaff3ac500cb85433a9c5cbd2ffabad7?s=96&d=mm&r=g\",\"url\":\"https:\\\/\\\/secure.gravatar.com\\\/avatar\\\/6e243aed87ea9fe28d2ee9c0fde412bffaff3ac500cb85433a9c5cbd2ffabad7?s=96&d=mm&r=g\",\"contentUrl\":\"https:\\\/\\\/secure.gravatar.com\\\/avatar\\\/6e243aed87ea9fe28d2ee9c0fde412bffaff3ac500cb85433a9c5cbd2ffabad7?s=96&d=mm&r=g\",\"caption\":\"Dirk Bradschetl\"},\"url\":\"https:\\\/\\\/24-stunden-schwimmen.de\\\/?author=3\"}]}<\/script>\n<!-- \/ Yoast SEO plugin. -->","yoast_head_json":{"title":"Von Meiningen nach Gr\u00f6nland - Das Meininger 24-Stunden-Schwimmen","robots":{"index":"index","follow":"follow","max-snippet":"max-snippet:-1","max-image-preview":"max-image-preview:large","max-video-preview":"max-video-preview:-1"},"canonical":"https:\/\/24-stunden-schwimmen.de\/?p=953","og_locale":"de_DE","og_type":"article","og_title":"Von Meiningen nach Gr\u00f6nland - Das Meininger 24-Stunden-Schwimmen","og_description":"24-Stunden-Schwimmen mit neuem Strecken-Rekord 3.512 Kilometer oder anders gesagt 3,5 Millionen Meter \u2013 und damit einen neuen Streckenrekord &#8211; haben 807 gro\u00dfe und kleine Wasserratten bei der 27. Auflage des Meininger 24-Stunden-Schwimmen gemeinsam im Wasser im Freizeitzentrum Rohrer Stirn zur\u00fcckgelegt. &hellip; Weiter","og_url":"https:\/\/24-stunden-schwimmen.de\/?p=953","og_site_name":"Das Meininger 24-Stunden-Schwimmen","article_publisher":"https:\/\/www.facebook.com\/Meininger24StundenSchwimmen","article_published_time":"2024-08-11T15:16:11+00:00","article_modified_time":"2024-08-11T15:16:13+00:00","og_image":[{"width":2560,"height":1702,"url":"https:\/\/24-stunden-schwimmen.de\/wp-content\/uploads\/2024\/08\/DSC0684-scaled.jpg","type":"image\/jpeg"}],"author":"Dirk Bradschetl","twitter_card":"summary_large_image","twitter_misc":{"Verfasst von":"Dirk Bradschetl","Gesch\u00e4tzte Lesezeit":"1\u00a0Minute"},"schema":{"@context":"https:\/\/schema.org","@graph":[{"@type":"Article","@id":"https:\/\/24-stunden-schwimmen.de\/?p=953#article","isPartOf":{"@id":"https:\/\/24-stunden-schwimmen.de\/?p=953"},"author":{"name":"Dirk Bradschetl","@id":"https:\/\/24-stunden-schwimmen.de\/#\/schema\/person\/c49719a77f078e117efa20f756da9e24"},"headline":"Von Meiningen nach Gr\u00f6nland","datePublished":"2024-08-11T15:16:11+00:00","dateModified":"2024-08-11T15:16:13+00:00","mainEntityOfPage":{"@id":"https:\/\/24-stunden-schwimmen.de\/?p=953"},"wordCount":243,"publisher":{"@id":"https:\/\/24-stunden-schwimmen.de\/#organization"},"image":{"@id":"https:\/\/24-stunden-schwimmen.de\/?p=953#primaryimage"},"thumbnailUrl":"https:\/\/24-stunden-schwimmen.de\/wp-content\/uploads\/2024\/08\/DSC0684-scaled.jpg","articleSection":["Uncategorized"],"inLanguage":"de"},{"@type":"WebPage","@id":"https:\/\/24-stunden-schwimmen.de\/?p=953","url":"https:\/\/24-stunden-schwimmen.de\/?p=953","name":"Von Meiningen nach Gr\u00f6nland - Das Meininger 24-Stunden-Schwimmen","isPartOf":{"@id":"https:\/\/24-stunden-schwimmen.de\/#website"},"primaryImageOfPage":{"@id":"https:\/\/24-stunden-schwimmen.de\/?p=953#primaryimage"},"image":{"@id":"https:\/\/24-stunden-schwimmen.de\/?p=953#primaryimage"},"thumbnailUrl":"https:\/\/24-stunden-schwimmen.de\/wp-content\/uploads\/2024\/08\/DSC0684-scaled.jpg","datePublished":"2024-08-11T15:16:11+00:00","dateModified":"2024-08-11T15:16:13+00:00","breadcrumb":{"@id":"https:\/\/24-stunden-schwimmen.de\/?p=953#breadcrumb"},"inLanguage":"de","potentialAction":[{"@type":"ReadAction","target":["https:\/\/24-stunden-schwimmen.de\/?p=953"]}]},{"@type":"ImageObject","inLanguage":"de","@id":"https:\/\/24-stunden-schwimmen.de\/?p=953#primaryimage","url":"https:\/\/24-stunden-schwimmen.de\/wp-content\/uploads\/2024\/08\/DSC0684-scaled.jpg","contentUrl":"https:\/\/24-stunden-schwimmen.de\/wp-content\/uploads\/2024\/08\/DSC0684-scaled.jpg","width":2560,"height":1702},{"@type":"BreadcrumbList","@id":"https:\/\/24-stunden-schwimmen.de\/?p=953#breadcrumb","itemListElement":[{"@type":"ListItem","position":1,"name":"Startseite","item":"https:\/\/24-stunden-schwimmen.de\/"},{"@type":"ListItem","position":2,"name":"Von Meiningen nach Gr\u00f6nland"}]},{"@type":"WebSite","@id":"https:\/\/24-stunden-schwimmen.de\/#website","url":"https:\/\/24-stunden-schwimmen.de\/","name":"Das Meininger 24-Stunden-Schwimmen","description":"Der Schwimmklassiker in Meiningen (Th\u00fcringen)","publisher":{"@id":"https:\/\/24-stunden-schwimmen.de\/#organization"},"potentialAction":[{"@type":"SearchAction","target":{"@type":"EntryPoint","urlTemplate":"https:\/\/24-stunden-schwimmen.de\/?s={search_term_string}"},"query-input":{"@type":"PropertyValueSpecification","valueRequired":true,"valueName":"search_term_string"}}],"inLanguage":"de"},{"@type":"Organization","@id":"https:\/\/24-stunden-schwimmen.de\/#organization","name":"Meininger Schwimmverein \"Wasserfreunde\" e.V.","url":"https:\/\/24-stunden-schwimmen.de\/","logo":{"@type":"ImageObject","inLanguage":"de","@id":"https:\/\/24-stunden-schwimmen.de\/#\/schema\/logo\/image\/","url":"https:\/\/24-stunden-schwimmen.de\/wp-content\/uploads\/2023\/06\/24h-Logo.webp","contentUrl":"https:\/\/24-stunden-schwimmen.de\/wp-content\/uploads\/2023\/06\/24h-Logo.webp","width":320,"height":330,"caption":"Meininger Schwimmverein \"Wasserfreunde\" e.V."},"image":{"@id":"https:\/\/24-stunden-schwimmen.de\/#\/schema\/logo\/image\/"},"sameAs":["https:\/\/www.facebook.com\/Meininger24StundenSchwimmen","https:\/\/www.instagram.com\/svwasserfreunde\/","https:\/\/www.youtube.com\/channel\/UC6X4rRlZrgOI3k-11MJbr6A\/featured"]},{"@type":"Person","@id":"https:\/\/24-stunden-schwimmen.de\/#\/schema\/person\/c49719a77f078e117efa20f756da9e24","name":"Dirk Bradschetl","image":{"@type":"ImageObject","inLanguage":"de","@id":"https:\/\/secure.gravatar.com\/avatar\/6e243aed87ea9fe28d2ee9c0fde412bffaff3ac500cb85433a9c5cbd2ffabad7?s=96&d=mm&r=g","url":"https:\/\/secure.gravatar.com\/avatar\/6e243aed87ea9fe28d2ee9c0fde412bffaff3ac500cb85433a9c5cbd2ffabad7?s=96&d=mm&r=g","contentUrl":"https:\/\/secure.gravatar.com\/avatar\/6e243aed87ea9fe28d2ee9c0fde412bffaff3ac500cb85433a9c5cbd2ffabad7?s=96&d=mm&r=g","caption":"Dirk Bradschetl"},"url":"https:\/\/24-stunden-schwimmen.de\/?author=3"}]}},"_links":{"self":[{"href":"https:\/\/24-stunden-schwimmen.de\/index.php?rest_route=\/wp\/v2\/posts\/953","targetHints":{"allow":["GET"]}}],"collection":[{"href":"https:\/\/24-stunden-schwimmen.de\/index.php?rest_route=\/wp\/v2\/posts"}],"about":[{"href":"https:\/\/24-stunden-schwimmen.de\/index.php?rest_route=\/wp\/v2\/types\/post"}],"author":[{"embeddable":true,"href":"https:\/\/24-stunden-schwimmen.de\/index.php?rest_route=\/wp\/v2\/users\/3"}],"replies":[{"embeddable":true,"href":"https:\/\/24-stunden-schwimmen.de\/index.php?rest_route=%2Fwp%2Fv2%2Fcomments&post=953"}],"version-history":[{"count":1,"href":"https:\/\/24-stunden-schwimmen.de\/index.php?rest_route=\/wp\/v2\/posts\/953\/revisions"}],"predecessor-version":[{"id":959,"href":"https:\/\/24-stunden-schwimmen.de\/index.php?rest_route=\/wp\/v2\/posts\/953\/revisions\/959"}],"wp:featuredmedia":[{"embeddable":true,"href":"https:\/\/24-stunden-schwimmen.de\/index.php?rest_route=\/wp\/v2\/media\/954"}],"wp:attachment":[{"href":"https:\/\/24-stunden-schwimmen.de\/index.php?rest_route=%2Fwp%2Fv2%2Fmedia&parent=953"}],"wp:term":[{"taxonomy":"category","embeddable":true,"href":"https:\/\/24-stunden-schwimmen.de\/index.php?rest_route=%2Fwp%2Fv2%2Fcategories&post=953"},{"taxonomy":"post_tag","embeddable":true,"href":"https:\/\/24-stunden-schwimmen.de\/index.php?rest_route=%2Fwp%2Fv2%2Ftags&post=953"}],"curies":[{"name":"wp","href":"https:\/\/api.w.org\/{rel}","templated":true}]}}