{"id":939,"date":"2024-08-07T08:03:28","date_gmt":"2024-08-07T06:03:28","guid":{"rendered":"https:\/\/24-stunden-schwimmen.de\/?p=939"},"modified":"2024-08-07T08:03:31","modified_gmt":"2024-08-07T06:03:31","slug":"bald-gehts-los","status":"publish","type":"post","link":"https:\/\/24-stunden-schwimmen.de\/?p=939","title":{"rendered":"Bald geht&#8217;s los!"},"content":{"rendered":"\n<p><strong>Sport, Spa\u00df und Unterhaltung rund um die Uhr<\/strong><br><strong>Meininger Schwimmklassiker mit kleinen Updates<\/strong><\/p>\n\n\n\n<p>Das Meininger 24-Stunden-Schwimmen, eine der gr\u00f6\u00dften ehrenamtlich organisierten Non-Profit-Veranstaltungen in der Mitte von Deutschland, l\u00e4dt am 10. und 11. August wieder zum Mitmachen ins \u00a0Meininger Freizeitzentrum Rohrer Stirn ein. Es ist die besondere Mischung aus Extrem- und Breitensport, die Mischung aus Sport und Spa\u00df und die Mischung aus Wettbewerb und Unterhaltung, die den Schwimmklassiker weit \u00fcber die Stadt-, Kreis- und Landesgrenzen hinaus bekannt und beliebt gemacht hat. In Meiningen steigen 4-j\u00e4hrige wie auch 90-j\u00e4hrige ins Wasser, in Meiningen wurden Deutsche Rekorde und Weltrekorde geschwommen.<\/p>\n\n\n\n<figure class=\"wp-block-image size-large\"><img loading=\"lazy\" decoding=\"async\" width=\"1024\" height=\"683\" src=\"https:\/\/24-stunden-schwimmen.de\/wp-content\/uploads\/2024\/08\/2023_24H_MGN_MA_02-1024x683.jpg\" alt=\"\" class=\"wp-image-940\" srcset=\"https:\/\/24-stunden-schwimmen.de\/wp-content\/uploads\/2024\/08\/2023_24H_MGN_MA_02-1024x683.jpg 1024w, https:\/\/24-stunden-schwimmen.de\/wp-content\/uploads\/2024\/08\/2023_24H_MGN_MA_02-300x200.jpg 300w, https:\/\/24-stunden-schwimmen.de\/wp-content\/uploads\/2024\/08\/2023_24H_MGN_MA_02-768x512.jpg 768w, https:\/\/24-stunden-schwimmen.de\/wp-content\/uploads\/2024\/08\/2023_24H_MGN_MA_02-1536x1024.jpg 1536w, https:\/\/24-stunden-schwimmen.de\/wp-content\/uploads\/2024\/08\/2023_24H_MGN_MA_02.jpg 1800w\" sizes=\"auto, (max-width: 1024px) 100vw, 1024px\" \/><\/figure>\n\n\n\n<p>Der Teilnehmerrekord von 892 Aktiven im Wasser hat die Organisatoren aus den Reihen der Meininger Wasserfreunde und den Meininger Stadtwerken im letzten Jahr zwar zum Schwitzen, aber nicht an die Grenze der Belastbarkeit gebracht. \u201eJeder Meter z\u00e4hlt\u201c ist das Motto der Veranstaltung und deshalb freut man sich in Meiningen \u00fcber Schwimmanf\u00e4nger, die 100 Meter schwimmen, genauso wie \u00fcber die Cracks mit mehr als 50 Kilometern. Und keine Angst, niemand muss die gesamten 24 Stunden im Wasser bleiben. Man kann das Wasser und sogar das Bad in den 24 Stunden so oft verlassen, wie man will. Zum Schluss sollte man sich aber seine exklusive HaiNo-Reliefmedaille abholen, die 2024 wieder ein neues Design hat.<\/p>\n\n\n\n<figure class=\"wp-block-image size-large\"><img loading=\"lazy\" decoding=\"async\" width=\"1024\" height=\"683\" src=\"https:\/\/24-stunden-schwimmen.de\/wp-content\/uploads\/2024\/08\/DSF7130-1024x683.jpg\" alt=\"\" class=\"wp-image-941\" srcset=\"https:\/\/24-stunden-schwimmen.de\/wp-content\/uploads\/2024\/08\/DSF7130-1024x683.jpg 1024w, https:\/\/24-stunden-schwimmen.de\/wp-content\/uploads\/2024\/08\/DSF7130-300x200.jpg 300w, https:\/\/24-stunden-schwimmen.de\/wp-content\/uploads\/2024\/08\/DSF7130-768x512.jpg 768w, https:\/\/24-stunden-schwimmen.de\/wp-content\/uploads\/2024\/08\/DSF7130-1536x1024.jpg 1536w, https:\/\/24-stunden-schwimmen.de\/wp-content\/uploads\/2024\/08\/DSF7130.jpg 1920w\" sizes=\"auto, (max-width: 1024px) 100vw, 1024px\" \/><\/figure>\n\n\n\n<p>Auch wenn sich am 2. Augustwochenende die Sportangebote in S\u00fcdth\u00fcringen \u00fcberschlagen, sind die Meininger Wasserfreunde doch optimistisch, dass viele den Weg zum 24-Stunden-Schwimmen finden. Denn wo kann man heute noch legal eine ganze Nacht im Schwimmbad verbringen? Mit Livemusik am Beckenrand und einem Tanzworkshop davor, mit einem gro\u00dfen Kreativ- und Mitmachangebot der Th\u00fcringer Schwimmjugend, mit Taschenlampentour zur Technik unterm Schwimmbecken, mit Aquagymnastik, Zumba, Grundschulstaffel und vielem mehr.<\/p>\n\n\n\n<figure class=\"wp-block-image size-large\"><img loading=\"lazy\" decoding=\"async\" width=\"1024\" height=\"586\" src=\"https:\/\/24-stunden-schwimmen.de\/wp-content\/uploads\/2024\/08\/MGN_24h_Allgemein04-1024x586.jpg\" alt=\"\" class=\"wp-image-942\" srcset=\"https:\/\/24-stunden-schwimmen.de\/wp-content\/uploads\/2024\/08\/MGN_24h_Allgemein04-1024x586.jpg 1024w, https:\/\/24-stunden-schwimmen.de\/wp-content\/uploads\/2024\/08\/MGN_24h_Allgemein04-300x172.jpg 300w, https:\/\/24-stunden-schwimmen.de\/wp-content\/uploads\/2024\/08\/MGN_24h_Allgemein04-768x439.jpg 768w, https:\/\/24-stunden-schwimmen.de\/wp-content\/uploads\/2024\/08\/MGN_24h_Allgemein04-1536x879.jpg 1536w, https:\/\/24-stunden-schwimmen.de\/wp-content\/uploads\/2024\/08\/MGN_24h_Allgemein04-2048x1171.jpg 2048w\" sizes=\"auto, (max-width: 1024px) 100vw, 1024px\" \/><\/figure>\n\n\n\n<p>Neu in diesem Jahr sind die Festivalb\u00e4ndchen, die gleichzeitig zur Registrierung der Schwimmenden dienen und die exklusiven HaiNo-Mehrwegbecher, die mit Entrichtung des Pfands auch mit nach Hause genommen werden d\u00fcrfen. Die Anmeldung zum Meininger 24-Stunden-Schwimmen ist am 10. August ab 11 Uhr ge\u00f6ffnet, der Startschuss f\u00e4llt um 14 Uhr.<\/p>\n","protected":false},"excerpt":{"rendered":"<p>Sport, Spa\u00df und Unterhaltung rund um die UhrMeininger Schwimmklassiker mit kleinen Updates Das Meininger 24-Stunden-Schwimmen, eine der gr\u00f6\u00dften ehrenamtlich organisierten Non-Profit-Veranstaltungen in der Mitte von Deutschland, l\u00e4dt am 10. und 11. August wieder zum Mitmachen ins \u00a0Meininger Freizeitzentrum Rohrer Stirn &hellip; <a href=\"https:\/\/24-stunden-schwimmen.de\/?p=939\">Weiter<\/a><\/p>\n","protected":false},"author":3,"featured_media":943,"comment_status":"closed","ping_status":"open","sticky":false,"template":"","format":"standard","meta":{"_eb_attr":"","kt_blocks_editor_width":"","footnotes":""},"categories":[1],"tags":[],"class_list":["post-939","post","type-post","status-publish","format-standard","has-post-thumbnail","hentry","category-uncategorized"],"yoast_head":"<!-- This site is optimized with the Yoast SEO plugin v27.5 - https:\/\/yoast.com\/product\/yoast-seo-wordpress\/ -->\n<title>Bald geht&#039;s los! - Das Meininger 24-Stunden-Schwimmen<\/title>\n<meta name=\"robots\" content=\"index, follow, max-snippet:-1, max-image-preview:large, max-video-preview:-1\" \/>\n<link rel=\"canonical\" href=\"https:\/\/24-stunden-schwimmen.de\/?p=939\" \/>\n<meta property=\"og:locale\" content=\"de_DE\" \/>\n<meta property=\"og:type\" content=\"article\" \/>\n<meta property=\"og:title\" content=\"Bald geht&#039;s los! - Das Meininger 24-Stunden-Schwimmen\" \/>\n<meta property=\"og:description\" content=\"Sport, Spa\u00df und Unterhaltung rund um die UhrMeininger Schwimmklassiker mit kleinen Updates Das Meininger 24-Stunden-Schwimmen, eine der gr\u00f6\u00dften ehrenamtlich organisierten Non-Profit-Veranstaltungen in der Mitte von Deutschland, l\u00e4dt am 10. und 11. August wieder zum Mitmachen ins \u00a0Meininger Freizeitzentrum Rohrer Stirn &hellip; Weiter\" \/>\n<meta property=\"og:url\" content=\"https:\/\/24-stunden-schwimmen.de\/?p=939\" \/>\n<meta property=\"og:site_name\" content=\"Das Meininger 24-Stunden-Schwimmen\" \/>\n<meta property=\"article:publisher\" content=\"https:\/\/www.facebook.com\/Meininger24StundenSchwimmen\" \/>\n<meta property=\"article:published_time\" content=\"2024-08-07T06:03:28+00:00\" \/>\n<meta property=\"article:modified_time\" content=\"2024-08-07T06:03:31+00:00\" \/>\n<meta property=\"og:image\" content=\"https:\/\/24-stunden-schwimmen.de\/wp-content\/uploads\/2024\/08\/2023_24H_MGN_MA_07.jpg\" \/>\n\t<meta property=\"og:image:width\" content=\"800\" \/>\n\t<meta property=\"og:image:height\" content=\"1200\" \/>\n\t<meta property=\"og:image:type\" content=\"image\/jpeg\" \/>\n<meta name=\"author\" content=\"Dirk Bradschetl\" \/>\n<meta name=\"twitter:card\" content=\"summary_large_image\" \/>\n<meta name=\"twitter:label1\" content=\"Verfasst von\" \/>\n\t<meta name=\"twitter:data1\" content=\"Dirk Bradschetl\" \/>\n\t<meta name=\"twitter:label2\" content=\"Gesch\u00e4tzte Lesezeit\" \/>\n\t<meta name=\"twitter:data2\" content=\"2\u00a0Minuten\" \/>\n<script type=\"application\/ld+json\" class=\"yoast-schema-graph\">{\"@context\":\"https:\\\/\\\/schema.org\",\"@graph\":[{\"@type\":\"Article\",\"@id\":\"https:\\\/\\\/24-stunden-schwimmen.de\\\/?p=939#article\",\"isPartOf\":{\"@id\":\"https:\\\/\\\/24-stunden-schwimmen.de\\\/?p=939\"},\"author\":{\"name\":\"Dirk Bradschetl\",\"@id\":\"https:\\\/\\\/24-stunden-schwimmen.de\\\/#\\\/schema\\\/person\\\/c49719a77f078e117efa20f756da9e24\"},\"headline\":\"Bald geht&#8217;s los!\",\"datePublished\":\"2024-08-07T06:03:28+00:00\",\"dateModified\":\"2024-08-07T06:03:31+00:00\",\"mainEntityOfPage\":{\"@id\":\"https:\\\/\\\/24-stunden-schwimmen.de\\\/?p=939\"},\"wordCount\":331,\"publisher\":{\"@id\":\"https:\\\/\\\/24-stunden-schwimmen.de\\\/#organization\"},\"image\":{\"@id\":\"https:\\\/\\\/24-stunden-schwimmen.de\\\/?p=939#primaryimage\"},\"thumbnailUrl\":\"https:\\\/\\\/24-stunden-schwimmen.de\\\/wp-content\\\/uploads\\\/2024\\\/08\\\/2023_24H_MGN_MA_07.jpg\",\"articleSection\":[\"Uncategorized\"],\"inLanguage\":\"de\"},{\"@type\":\"WebPage\",\"@id\":\"https:\\\/\\\/24-stunden-schwimmen.de\\\/?p=939\",\"url\":\"https:\\\/\\\/24-stunden-schwimmen.de\\\/?p=939\",\"name\":\"Bald geht's los! - Das Meininger 24-Stunden-Schwimmen\",\"isPartOf\":{\"@id\":\"https:\\\/\\\/24-stunden-schwimmen.de\\\/#website\"},\"primaryImageOfPage\":{\"@id\":\"https:\\\/\\\/24-stunden-schwimmen.de\\\/?p=939#primaryimage\"},\"image\":{\"@id\":\"https:\\\/\\\/24-stunden-schwimmen.de\\\/?p=939#primaryimage\"},\"thumbnailUrl\":\"https:\\\/\\\/24-stunden-schwimmen.de\\\/wp-content\\\/uploads\\\/2024\\\/08\\\/2023_24H_MGN_MA_07.jpg\",\"datePublished\":\"2024-08-07T06:03:28+00:00\",\"dateModified\":\"2024-08-07T06:03:31+00:00\",\"breadcrumb\":{\"@id\":\"https:\\\/\\\/24-stunden-schwimmen.de\\\/?p=939#breadcrumb\"},\"inLanguage\":\"de\",\"potentialAction\":[{\"@type\":\"ReadAction\",\"target\":[\"https:\\\/\\\/24-stunden-schwimmen.de\\\/?p=939\"]}]},{\"@type\":\"ImageObject\",\"inLanguage\":\"de\",\"@id\":\"https:\\\/\\\/24-stunden-schwimmen.de\\\/?p=939#primaryimage\",\"url\":\"https:\\\/\\\/24-stunden-schwimmen.de\\\/wp-content\\\/uploads\\\/2024\\\/08\\\/2023_24H_MGN_MA_07.jpg\",\"contentUrl\":\"https:\\\/\\\/24-stunden-schwimmen.de\\\/wp-content\\\/uploads\\\/2024\\\/08\\\/2023_24H_MGN_MA_07.jpg\",\"width\":800,\"height\":1200},{\"@type\":\"BreadcrumbList\",\"@id\":\"https:\\\/\\\/24-stunden-schwimmen.de\\\/?p=939#breadcrumb\",\"itemListElement\":[{\"@type\":\"ListItem\",\"position\":1,\"name\":\"Startseite\",\"item\":\"https:\\\/\\\/24-stunden-schwimmen.de\\\/\"},{\"@type\":\"ListItem\",\"position\":2,\"name\":\"Bald geht&#8217;s los!\"}]},{\"@type\":\"WebSite\",\"@id\":\"https:\\\/\\\/24-stunden-schwimmen.de\\\/#website\",\"url\":\"https:\\\/\\\/24-stunden-schwimmen.de\\\/\",\"name\":\"Das Meininger 24-Stunden-Schwimmen\",\"description\":\"Der Schwimmklassiker in Meiningen (Th\u00fcringen)\",\"publisher\":{\"@id\":\"https:\\\/\\\/24-stunden-schwimmen.de\\\/#organization\"},\"potentialAction\":[{\"@type\":\"SearchAction\",\"target\":{\"@type\":\"EntryPoint\",\"urlTemplate\":\"https:\\\/\\\/24-stunden-schwimmen.de\\\/?s={search_term_string}\"},\"query-input\":{\"@type\":\"PropertyValueSpecification\",\"valueRequired\":true,\"valueName\":\"search_term_string\"}}],\"inLanguage\":\"de\"},{\"@type\":\"Organization\",\"@id\":\"https:\\\/\\\/24-stunden-schwimmen.de\\\/#organization\",\"name\":\"Meininger Schwimmverein \\\"Wasserfreunde\\\" e.V.\",\"url\":\"https:\\\/\\\/24-stunden-schwimmen.de\\\/\",\"logo\":{\"@type\":\"ImageObject\",\"inLanguage\":\"de\",\"@id\":\"https:\\\/\\\/24-stunden-schwimmen.de\\\/#\\\/schema\\\/logo\\\/image\\\/\",\"url\":\"https:\\\/\\\/24-stunden-schwimmen.de\\\/wp-content\\\/uploads\\\/2023\\\/06\\\/24h-Logo.webp\",\"contentUrl\":\"https:\\\/\\\/24-stunden-schwimmen.de\\\/wp-content\\\/uploads\\\/2023\\\/06\\\/24h-Logo.webp\",\"width\":320,\"height\":330,\"caption\":\"Meininger Schwimmverein \\\"Wasserfreunde\\\" e.V.\"},\"image\":{\"@id\":\"https:\\\/\\\/24-stunden-schwimmen.de\\\/#\\\/schema\\\/logo\\\/image\\\/\"},\"sameAs\":[\"https:\\\/\\\/www.facebook.com\\\/Meininger24StundenSchwimmen\",\"https:\\\/\\\/www.instagram.com\\\/svwasserfreunde\\\/\",\"https:\\\/\\\/www.youtube.com\\\/channel\\\/UC6X4rRlZrgOI3k-11MJbr6A\\\/featured\"]},{\"@type\":\"Person\",\"@id\":\"https:\\\/\\\/24-stunden-schwimmen.de\\\/#\\\/schema\\\/person\\\/c49719a77f078e117efa20f756da9e24\",\"name\":\"Dirk Bradschetl\",\"image\":{\"@type\":\"ImageObject\",\"inLanguage\":\"de\",\"@id\":\"https:\\\/\\\/secure.gravatar.com\\\/avatar\\\/6e243aed87ea9fe28d2ee9c0fde412bffaff3ac500cb85433a9c5cbd2ffabad7?s=96&d=mm&r=g\",\"url\":\"https:\\\/\\\/secure.gravatar.com\\\/avatar\\\/6e243aed87ea9fe28d2ee9c0fde412bffaff3ac500cb85433a9c5cbd2ffabad7?s=96&d=mm&r=g\",\"contentUrl\":\"https:\\\/\\\/secure.gravatar.com\\\/avatar\\\/6e243aed87ea9fe28d2ee9c0fde412bffaff3ac500cb85433a9c5cbd2ffabad7?s=96&d=mm&r=g\",\"caption\":\"Dirk Bradschetl\"},\"url\":\"https:\\\/\\\/24-stunden-schwimmen.de\\\/?author=3\"}]}<\/script>\n<!-- \/ Yoast SEO plugin. -->","yoast_head_json":{"title":"Bald geht's los! - Das Meininger 24-Stunden-Schwimmen","robots":{"index":"index","follow":"follow","max-snippet":"max-snippet:-1","max-image-preview":"max-image-preview:large","max-video-preview":"max-video-preview:-1"},"canonical":"https:\/\/24-stunden-schwimmen.de\/?p=939","og_locale":"de_DE","og_type":"article","og_title":"Bald geht's los! - Das Meininger 24-Stunden-Schwimmen","og_description":"Sport, Spa\u00df und Unterhaltung rund um die UhrMeininger Schwimmklassiker mit kleinen Updates Das Meininger 24-Stunden-Schwimmen, eine der gr\u00f6\u00dften ehrenamtlich organisierten Non-Profit-Veranstaltungen in der Mitte von Deutschland, l\u00e4dt am 10. und 11. August wieder zum Mitmachen ins \u00a0Meininger Freizeitzentrum Rohrer Stirn &hellip; Weiter","og_url":"https:\/\/24-stunden-schwimmen.de\/?p=939","og_site_name":"Das Meininger 24-Stunden-Schwimmen","article_publisher":"https:\/\/www.facebook.com\/Meininger24StundenSchwimmen","article_published_time":"2024-08-07T06:03:28+00:00","article_modified_time":"2024-08-07T06:03:31+00:00","og_image":[{"width":800,"height":1200,"url":"https:\/\/24-stunden-schwimmen.de\/wp-content\/uploads\/2024\/08\/2023_24H_MGN_MA_07.jpg","type":"image\/jpeg"}],"author":"Dirk Bradschetl","twitter_card":"summary_large_image","twitter_misc":{"Verfasst von":"Dirk Bradschetl","Gesch\u00e4tzte Lesezeit":"2\u00a0Minuten"},"schema":{"@context":"https:\/\/schema.org","@graph":[{"@type":"Article","@id":"https:\/\/24-stunden-schwimmen.de\/?p=939#article","isPartOf":{"@id":"https:\/\/24-stunden-schwimmen.de\/?p=939"},"author":{"name":"Dirk Bradschetl","@id":"https:\/\/24-stunden-schwimmen.de\/#\/schema\/person\/c49719a77f078e117efa20f756da9e24"},"headline":"Bald geht&#8217;s los!","datePublished":"2024-08-07T06:03:28+00:00","dateModified":"2024-08-07T06:03:31+00:00","mainEntityOfPage":{"@id":"https:\/\/24-stunden-schwimmen.de\/?p=939"},"wordCount":331,"publisher":{"@id":"https:\/\/24-stunden-schwimmen.de\/#organization"},"image":{"@id":"https:\/\/24-stunden-schwimmen.de\/?p=939#primaryimage"},"thumbnailUrl":"https:\/\/24-stunden-schwimmen.de\/wp-content\/uploads\/2024\/08\/2023_24H_MGN_MA_07.jpg","articleSection":["Uncategorized"],"inLanguage":"de"},{"@type":"WebPage","@id":"https:\/\/24-stunden-schwimmen.de\/?p=939","url":"https:\/\/24-stunden-schwimmen.de\/?p=939","name":"Bald geht's los! - Das Meininger 24-Stunden-Schwimmen","isPartOf":{"@id":"https:\/\/24-stunden-schwimmen.de\/#website"},"primaryImageOfPage":{"@id":"https:\/\/24-stunden-schwimmen.de\/?p=939#primaryimage"},"image":{"@id":"https:\/\/24-stunden-schwimmen.de\/?p=939#primaryimage"},"thumbnailUrl":"https:\/\/24-stunden-schwimmen.de\/wp-content\/uploads\/2024\/08\/2023_24H_MGN_MA_07.jpg","datePublished":"2024-08-07T06:03:28+00:00","dateModified":"2024-08-07T06:03:31+00:00","breadcrumb":{"@id":"https:\/\/24-stunden-schwimmen.de\/?p=939#breadcrumb"},"inLanguage":"de","potentialAction":[{"@type":"ReadAction","target":["https:\/\/24-stunden-schwimmen.de\/?p=939"]}]},{"@type":"ImageObject","inLanguage":"de","@id":"https:\/\/24-stunden-schwimmen.de\/?p=939#primaryimage","url":"https:\/\/24-stunden-schwimmen.de\/wp-content\/uploads\/2024\/08\/2023_24H_MGN_MA_07.jpg","contentUrl":"https:\/\/24-stunden-schwimmen.de\/wp-content\/uploads\/2024\/08\/2023_24H_MGN_MA_07.jpg","width":800,"height":1200},{"@type":"BreadcrumbList","@id":"https:\/\/24-stunden-schwimmen.de\/?p=939#breadcrumb","itemListElement":[{"@type":"ListItem","position":1,"name":"Startseite","item":"https:\/\/24-stunden-schwimmen.de\/"},{"@type":"ListItem","position":2,"name":"Bald geht&#8217;s los!"}]},{"@type":"WebSite","@id":"https:\/\/24-stunden-schwimmen.de\/#website","url":"https:\/\/24-stunden-schwimmen.de\/","name":"Das Meininger 24-Stunden-Schwimmen","description":"Der Schwimmklassiker in Meiningen (Th\u00fcringen)","publisher":{"@id":"https:\/\/24-stunden-schwimmen.de\/#organization"},"potentialAction":[{"@type":"SearchAction","target":{"@type":"EntryPoint","urlTemplate":"https:\/\/24-stunden-schwimmen.de\/?s={search_term_string}"},"query-input":{"@type":"PropertyValueSpecification","valueRequired":true,"valueName":"search_term_string"}}],"inLanguage":"de"},{"@type":"Organization","@id":"https:\/\/24-stunden-schwimmen.de\/#organization","name":"Meininger Schwimmverein \"Wasserfreunde\" e.V.","url":"https:\/\/24-stunden-schwimmen.de\/","logo":{"@type":"ImageObject","inLanguage":"de","@id":"https:\/\/24-stunden-schwimmen.de\/#\/schema\/logo\/image\/","url":"https:\/\/24-stunden-schwimmen.de\/wp-content\/uploads\/2023\/06\/24h-Logo.webp","contentUrl":"https:\/\/24-stunden-schwimmen.de\/wp-content\/uploads\/2023\/06\/24h-Logo.webp","width":320,"height":330,"caption":"Meininger Schwimmverein \"Wasserfreunde\" e.V."},"image":{"@id":"https:\/\/24-stunden-schwimmen.de\/#\/schema\/logo\/image\/"},"sameAs":["https:\/\/www.facebook.com\/Meininger24StundenSchwimmen","https:\/\/www.instagram.com\/svwasserfreunde\/","https:\/\/www.youtube.com\/channel\/UC6X4rRlZrgOI3k-11MJbr6A\/featured"]},{"@type":"Person","@id":"https:\/\/24-stunden-schwimmen.de\/#\/schema\/person\/c49719a77f078e117efa20f756da9e24","name":"Dirk Bradschetl","image":{"@type":"ImageObject","inLanguage":"de","@id":"https:\/\/secure.gravatar.com\/avatar\/6e243aed87ea9fe28d2ee9c0fde412bffaff3ac500cb85433a9c5cbd2ffabad7?s=96&d=mm&r=g","url":"https:\/\/secure.gravatar.com\/avatar\/6e243aed87ea9fe28d2ee9c0fde412bffaff3ac500cb85433a9c5cbd2ffabad7?s=96&d=mm&r=g","contentUrl":"https:\/\/secure.gravatar.com\/avatar\/6e243aed87ea9fe28d2ee9c0fde412bffaff3ac500cb85433a9c5cbd2ffabad7?s=96&d=mm&r=g","caption":"Dirk Bradschetl"},"url":"https:\/\/24-stunden-schwimmen.de\/?author=3"}]}},"_links":{"self":[{"href":"https:\/\/24-stunden-schwimmen.de\/index.php?rest_route=\/wp\/v2\/posts\/939","targetHints":{"allow":["GET"]}}],"collection":[{"href":"https:\/\/24-stunden-schwimmen.de\/index.php?rest_route=\/wp\/v2\/posts"}],"about":[{"href":"https:\/\/24-stunden-schwimmen.de\/index.php?rest_route=\/wp\/v2\/types\/post"}],"author":[{"embeddable":true,"href":"https:\/\/24-stunden-schwimmen.de\/index.php?rest_route=\/wp\/v2\/users\/3"}],"replies":[{"embeddable":true,"href":"https:\/\/24-stunden-schwimmen.de\/index.php?rest_route=%2Fwp%2Fv2%2Fcomments&post=939"}],"version-history":[{"count":1,"href":"https:\/\/24-stunden-schwimmen.de\/index.php?rest_route=\/wp\/v2\/posts\/939\/revisions"}],"predecessor-version":[{"id":944,"href":"https:\/\/24-stunden-schwimmen.de\/index.php?rest_route=\/wp\/v2\/posts\/939\/revisions\/944"}],"wp:featuredmedia":[{"embeddable":true,"href":"https:\/\/24-stunden-schwimmen.de\/index.php?rest_route=\/wp\/v2\/media\/943"}],"wp:attachment":[{"href":"https:\/\/24-stunden-schwimmen.de\/index.php?rest_route=%2Fwp%2Fv2%2Fmedia&parent=939"}],"wp:term":[{"taxonomy":"category","embeddable":true,"href":"https:\/\/24-stunden-schwimmen.de\/index.php?rest_route=%2Fwp%2Fv2%2Fcategories&post=939"},{"taxonomy":"post_tag","embeddable":true,"href":"https:\/\/24-stunden-schwimmen.de\/index.php?rest_route=%2Fwp%2Fv2%2Ftags&post=939"}],"curies":[{"name":"wp","href":"https:\/\/api.w.org\/{rel}","templated":true}]}}