{"id":877,"date":"2023-06-26T08:01:01","date_gmt":"2023-06-26T06:01:01","guid":{"rendered":"https:\/\/24-stunden-schwimmen.de\/?p=877"},"modified":"2023-06-26T08:07:30","modified_gmt":"2023-06-26T06:07:30","slug":"danke-danke-danke","status":"publish","type":"post","link":"https:\/\/24-stunden-schwimmen.de\/?p=877","title":{"rendered":"DANKE! DANKE! DANKE"},"content":{"rendered":"\n<p class=\"has-medium-font-size\"><strong>Ihr seit der Hammer! Der 24-Stunden-Hammer!<\/strong><\/p>\n\n\n\n<figure class=\"wp-block-image size-large\"><img loading=\"lazy\" decoding=\"async\" width=\"1024\" height=\"681\" src=\"https:\/\/24-stunden-schwimmen.de\/wp-content\/uploads\/2023\/06\/DSC0170-scaled-e1687706183584-1024x681.jpg\" alt=\"\" class=\"wp-image-874\" srcset=\"https:\/\/24-stunden-schwimmen.de\/wp-content\/uploads\/2023\/06\/DSC0170-scaled-e1687706183584-1024x681.jpg 1024w, https:\/\/24-stunden-schwimmen.de\/wp-content\/uploads\/2023\/06\/DSC0170-scaled-e1687706183584-300x200.jpg 300w, https:\/\/24-stunden-schwimmen.de\/wp-content\/uploads\/2023\/06\/DSC0170-scaled-e1687706183584-768x511.jpg 768w, https:\/\/24-stunden-schwimmen.de\/wp-content\/uploads\/2023\/06\/DSC0170-scaled-e1687706183584-1536x1022.jpg 1536w, https:\/\/24-stunden-schwimmen.de\/wp-content\/uploads\/2023\/06\/DSC0170-scaled-e1687706183584.jpg 1920w\" sizes=\"auto, (max-width: 1024px) 100vw, 1024px\" \/><\/figure>\n\n\n\n<p>In diesem Jahr gehen sie Superlative aus. Bestes Wetter, l\u00e4ngste je geschwommene Gesamtstecke und die meisten Teilnehmenden in Meiningen! Fast 900 kleine und gro\u00dfe Wasserratten sprangen am Wochenende beim 30-j\u00e4hrigen Jubil\u00e4um ins Meininger Wasser und rockten dies gewaltig. Insgesamt kamen 3.486,40 Kilometer zusammen, eine Strecke wie von Meiningen zur unteren Spitze von Gr\u00f6nland. Mehr als 250 Ehrenamtliche sorgten trotz Ansturm und hei\u00dfen Temperaturen f\u00fcr ein einmaliges 24-Stunden-Schwimmen. Das B\u00e4derteam der Stadtwerke Meiningen und die Meininger Wasserfreunde boten neben dem Schwimmklassiker noch ein buntes Rahmenprogramm und beste Versorgung. Die Messlatte f\u00fcr die n\u00e4chsten Veranstaltungen liegt hoch, sorgt bei den Organisatoren aber eher f\u00fcr Motivation als f\u00fcr Angst. Das n\u00e4chste Meininger 24-Stunden-Schwimmen findet voraussichtlich 22.\/23. Juni 2024, am ersten Ferienwochenende in Th\u00fcringen.<\/p>\n\n\n\n<p>Wie pr\u00e4sentieren stolz den K\u00f6nig und die K\u00f6nigin des 26. Meininger 24-Stunden-Schwimmens:<\/p>\n\n\n\n<p class=\"has-medium-font-size\"><strong>Eric Seller (67.100 m) und Sarah Dubiel (57.500 m)<\/strong><\/p>\n\n\n\n<figure class=\"wp-block-image size-large\"><img loading=\"lazy\" decoding=\"async\" width=\"1024\" height=\"681\" src=\"https:\/\/24-stunden-schwimmen.de\/wp-content\/uploads\/2023\/06\/DSC0135-scaled-e1687702990766-1024x681.jpg\" alt=\"\" class=\"wp-image-832\" srcset=\"https:\/\/24-stunden-schwimmen.de\/wp-content\/uploads\/2023\/06\/DSC0135-scaled-e1687702990766-1024x681.jpg 1024w, https:\/\/24-stunden-schwimmen.de\/wp-content\/uploads\/2023\/06\/DSC0135-scaled-e1687702990766-300x200.jpg 300w, https:\/\/24-stunden-schwimmen.de\/wp-content\/uploads\/2023\/06\/DSC0135-scaled-e1687702990766-768x511.jpg 768w, https:\/\/24-stunden-schwimmen.de\/wp-content\/uploads\/2023\/06\/DSC0135-scaled-e1687702990766-1536x1022.jpg 1536w, https:\/\/24-stunden-schwimmen.de\/wp-content\/uploads\/2023\/06\/DSC0135-scaled-e1687702990766.jpg 1920w\" sizes=\"auto, (max-width: 1024px) 100vw, 1024px\" \/><\/figure>\n\n\n\n<p>Alle Ergebnisse von 2023 <a href=\"https:\/\/24-stunden-schwimmen.de\/?page_id=37\">unter diesem LINK &#8230;<\/a><\/p>\n","protected":false},"excerpt":{"rendered":"<p>Ihr seit der Hammer! Der 24-Stunden-Hammer! In diesem Jahr gehen sie Superlative aus. Bestes Wetter, l\u00e4ngste je geschwommene Gesamtstecke und die meisten Teilnehmenden in Meiningen! Fast 900 kleine und gro\u00dfe Wasserratten sprangen am Wochenende beim 30-j\u00e4hrigen Jubil\u00e4um ins Meininger Wasser &hellip; <a href=\"https:\/\/24-stunden-schwimmen.de\/?p=877\">Weiter<\/a><\/p>\n","protected":false},"author":3,"featured_media":878,"comment_status":"closed","ping_status":"closed","sticky":false,"template":"","format":"standard","meta":{"_eb_attr":"","kt_blocks_editor_width":"","footnotes":""},"categories":[1],"tags":[],"class_list":["post-877","post","type-post","status-publish","format-standard","has-post-thumbnail","hentry","category-uncategorized"],"yoast_head":"<!-- This site is optimized with the Yoast SEO plugin v27.5 - https:\/\/yoast.com\/product\/yoast-seo-wordpress\/ -->\n<title>DANKE! DANKE! DANKE - Das Meininger 24-Stunden-Schwimmen<\/title>\n<meta name=\"robots\" content=\"index, follow, max-snippet:-1, max-image-preview:large, max-video-preview:-1\" \/>\n<link rel=\"canonical\" href=\"https:\/\/24-stunden-schwimmen.de\/?p=877\" \/>\n<meta property=\"og:locale\" content=\"de_DE\" \/>\n<meta property=\"og:type\" content=\"article\" \/>\n<meta property=\"og:title\" content=\"DANKE! DANKE! DANKE - Das Meininger 24-Stunden-Schwimmen\" \/>\n<meta property=\"og:description\" content=\"Ihr seit der Hammer! Der 24-Stunden-Hammer! In diesem Jahr gehen sie Superlative aus. Bestes Wetter, l\u00e4ngste je geschwommene Gesamtstecke und die meisten Teilnehmenden in Meiningen! Fast 900 kleine und gro\u00dfe Wasserratten sprangen am Wochenende beim 30-j\u00e4hrigen Jubil\u00e4um ins Meininger Wasser &hellip; Weiter\" \/>\n<meta property=\"og:url\" content=\"https:\/\/24-stunden-schwimmen.de\/?p=877\" \/>\n<meta property=\"og:site_name\" content=\"Das Meininger 24-Stunden-Schwimmen\" \/>\n<meta property=\"article:publisher\" content=\"https:\/\/www.facebook.com\/Meininger24StundenSchwimmen\" \/>\n<meta property=\"article:published_time\" content=\"2023-06-26T06:01:01+00:00\" \/>\n<meta property=\"article:modified_time\" content=\"2023-06-26T06:07:30+00:00\" \/>\n<meta property=\"og:image\" content=\"https:\/\/24-stunden-schwimmen.de\/wp-content\/uploads\/2023\/06\/DSC0329-scaled.jpg\" \/>\n\t<meta property=\"og:image:width\" content=\"2560\" \/>\n\t<meta property=\"og:image:height\" content=\"1702\" \/>\n\t<meta property=\"og:image:type\" content=\"image\/jpeg\" \/>\n<meta name=\"author\" content=\"Dirk Bradschetl\" \/>\n<meta name=\"twitter:card\" content=\"summary_large_image\" \/>\n<meta name=\"twitter:label1\" content=\"Verfasst von\" \/>\n\t<meta name=\"twitter:data1\" content=\"Dirk Bradschetl\" \/>\n\t<meta name=\"twitter:label2\" content=\"Gesch\u00e4tzte Lesezeit\" \/>\n\t<meta name=\"twitter:data2\" content=\"1\u00a0Minute\" \/>\n<script type=\"application\/ld+json\" class=\"yoast-schema-graph\">{\"@context\":\"https:\\\/\\\/schema.org\",\"@graph\":[{\"@type\":\"Article\",\"@id\":\"https:\\\/\\\/24-stunden-schwimmen.de\\\/?p=877#article\",\"isPartOf\":{\"@id\":\"https:\\\/\\\/24-stunden-schwimmen.de\\\/?p=877\"},\"author\":{\"name\":\"Dirk Bradschetl\",\"@id\":\"https:\\\/\\\/24-stunden-schwimmen.de\\\/#\\\/schema\\\/person\\\/c49719a77f078e117efa20f756da9e24\"},\"headline\":\"DANKE! DANKE! DANKE\",\"datePublished\":\"2023-06-26T06:01:01+00:00\",\"dateModified\":\"2023-06-26T06:07:30+00:00\",\"mainEntityOfPage\":{\"@id\":\"https:\\\/\\\/24-stunden-schwimmen.de\\\/?p=877\"},\"wordCount\":165,\"publisher\":{\"@id\":\"https:\\\/\\\/24-stunden-schwimmen.de\\\/#organization\"},\"image\":{\"@id\":\"https:\\\/\\\/24-stunden-schwimmen.de\\\/?p=877#primaryimage\"},\"thumbnailUrl\":\"https:\\\/\\\/24-stunden-schwimmen.de\\\/wp-content\\\/uploads\\\/2023\\\/06\\\/DSC0329-scaled.jpg\",\"articleSection\":[\"Uncategorized\"],\"inLanguage\":\"de\"},{\"@type\":\"WebPage\",\"@id\":\"https:\\\/\\\/24-stunden-schwimmen.de\\\/?p=877\",\"url\":\"https:\\\/\\\/24-stunden-schwimmen.de\\\/?p=877\",\"name\":\"DANKE! DANKE! DANKE - Das Meininger 24-Stunden-Schwimmen\",\"isPartOf\":{\"@id\":\"https:\\\/\\\/24-stunden-schwimmen.de\\\/#website\"},\"primaryImageOfPage\":{\"@id\":\"https:\\\/\\\/24-stunden-schwimmen.de\\\/?p=877#primaryimage\"},\"image\":{\"@id\":\"https:\\\/\\\/24-stunden-schwimmen.de\\\/?p=877#primaryimage\"},\"thumbnailUrl\":\"https:\\\/\\\/24-stunden-schwimmen.de\\\/wp-content\\\/uploads\\\/2023\\\/06\\\/DSC0329-scaled.jpg\",\"datePublished\":\"2023-06-26T06:01:01+00:00\",\"dateModified\":\"2023-06-26T06:07:30+00:00\",\"breadcrumb\":{\"@id\":\"https:\\\/\\\/24-stunden-schwimmen.de\\\/?p=877#breadcrumb\"},\"inLanguage\":\"de\",\"potentialAction\":[{\"@type\":\"ReadAction\",\"target\":[\"https:\\\/\\\/24-stunden-schwimmen.de\\\/?p=877\"]}]},{\"@type\":\"ImageObject\",\"inLanguage\":\"de\",\"@id\":\"https:\\\/\\\/24-stunden-schwimmen.de\\\/?p=877#primaryimage\",\"url\":\"https:\\\/\\\/24-stunden-schwimmen.de\\\/wp-content\\\/uploads\\\/2023\\\/06\\\/DSC0329-scaled.jpg\",\"contentUrl\":\"https:\\\/\\\/24-stunden-schwimmen.de\\\/wp-content\\\/uploads\\\/2023\\\/06\\\/DSC0329-scaled.jpg\",\"width\":2560,\"height\":1702},{\"@type\":\"BreadcrumbList\",\"@id\":\"https:\\\/\\\/24-stunden-schwimmen.de\\\/?p=877#breadcrumb\",\"itemListElement\":[{\"@type\":\"ListItem\",\"position\":1,\"name\":\"Startseite\",\"item\":\"https:\\\/\\\/24-stunden-schwimmen.de\\\/\"},{\"@type\":\"ListItem\",\"position\":2,\"name\":\"DANKE! DANKE! DANKE\"}]},{\"@type\":\"WebSite\",\"@id\":\"https:\\\/\\\/24-stunden-schwimmen.de\\\/#website\",\"url\":\"https:\\\/\\\/24-stunden-schwimmen.de\\\/\",\"name\":\"Das Meininger 24-Stunden-Schwimmen\",\"description\":\"Der Schwimmklassiker in Meiningen (Th\u00fcringen)\",\"publisher\":{\"@id\":\"https:\\\/\\\/24-stunden-schwimmen.de\\\/#organization\"},\"potentialAction\":[{\"@type\":\"SearchAction\",\"target\":{\"@type\":\"EntryPoint\",\"urlTemplate\":\"https:\\\/\\\/24-stunden-schwimmen.de\\\/?s={search_term_string}\"},\"query-input\":{\"@type\":\"PropertyValueSpecification\",\"valueRequired\":true,\"valueName\":\"search_term_string\"}}],\"inLanguage\":\"de\"},{\"@type\":\"Organization\",\"@id\":\"https:\\\/\\\/24-stunden-schwimmen.de\\\/#organization\",\"name\":\"Meininger Schwimmverein \\\"Wasserfreunde\\\" e.V.\",\"url\":\"https:\\\/\\\/24-stunden-schwimmen.de\\\/\",\"logo\":{\"@type\":\"ImageObject\",\"inLanguage\":\"de\",\"@id\":\"https:\\\/\\\/24-stunden-schwimmen.de\\\/#\\\/schema\\\/logo\\\/image\\\/\",\"url\":\"https:\\\/\\\/24-stunden-schwimmen.de\\\/wp-content\\\/uploads\\\/2023\\\/06\\\/24h-Logo.webp\",\"contentUrl\":\"https:\\\/\\\/24-stunden-schwimmen.de\\\/wp-content\\\/uploads\\\/2023\\\/06\\\/24h-Logo.webp\",\"width\":320,\"height\":330,\"caption\":\"Meininger Schwimmverein \\\"Wasserfreunde\\\" e.V.\"},\"image\":{\"@id\":\"https:\\\/\\\/24-stunden-schwimmen.de\\\/#\\\/schema\\\/logo\\\/image\\\/\"},\"sameAs\":[\"https:\\\/\\\/www.facebook.com\\\/Meininger24StundenSchwimmen\",\"https:\\\/\\\/www.instagram.com\\\/svwasserfreunde\\\/\",\"https:\\\/\\\/www.youtube.com\\\/channel\\\/UC6X4rRlZrgOI3k-11MJbr6A\\\/featured\"]},{\"@type\":\"Person\",\"@id\":\"https:\\\/\\\/24-stunden-schwimmen.de\\\/#\\\/schema\\\/person\\\/c49719a77f078e117efa20f756da9e24\",\"name\":\"Dirk Bradschetl\",\"image\":{\"@type\":\"ImageObject\",\"inLanguage\":\"de\",\"@id\":\"https:\\\/\\\/secure.gravatar.com\\\/avatar\\\/6e243aed87ea9fe28d2ee9c0fde412bffaff3ac500cb85433a9c5cbd2ffabad7?s=96&d=mm&r=g\",\"url\":\"https:\\\/\\\/secure.gravatar.com\\\/avatar\\\/6e243aed87ea9fe28d2ee9c0fde412bffaff3ac500cb85433a9c5cbd2ffabad7?s=96&d=mm&r=g\",\"contentUrl\":\"https:\\\/\\\/secure.gravatar.com\\\/avatar\\\/6e243aed87ea9fe28d2ee9c0fde412bffaff3ac500cb85433a9c5cbd2ffabad7?s=96&d=mm&r=g\",\"caption\":\"Dirk Bradschetl\"},\"url\":\"https:\\\/\\\/24-stunden-schwimmen.de\\\/?author=3\"}]}<\/script>\n<!-- \/ Yoast SEO plugin. -->","yoast_head_json":{"title":"DANKE! DANKE! DANKE - Das Meininger 24-Stunden-Schwimmen","robots":{"index":"index","follow":"follow","max-snippet":"max-snippet:-1","max-image-preview":"max-image-preview:large","max-video-preview":"max-video-preview:-1"},"canonical":"https:\/\/24-stunden-schwimmen.de\/?p=877","og_locale":"de_DE","og_type":"article","og_title":"DANKE! DANKE! DANKE - Das Meininger 24-Stunden-Schwimmen","og_description":"Ihr seit der Hammer! Der 24-Stunden-Hammer! In diesem Jahr gehen sie Superlative aus. Bestes Wetter, l\u00e4ngste je geschwommene Gesamtstecke und die meisten Teilnehmenden in Meiningen! Fast 900 kleine und gro\u00dfe Wasserratten sprangen am Wochenende beim 30-j\u00e4hrigen Jubil\u00e4um ins Meininger Wasser &hellip; Weiter","og_url":"https:\/\/24-stunden-schwimmen.de\/?p=877","og_site_name":"Das Meininger 24-Stunden-Schwimmen","article_publisher":"https:\/\/www.facebook.com\/Meininger24StundenSchwimmen","article_published_time":"2023-06-26T06:01:01+00:00","article_modified_time":"2023-06-26T06:07:30+00:00","og_image":[{"width":2560,"height":1702,"url":"https:\/\/24-stunden-schwimmen.de\/wp-content\/uploads\/2023\/06\/DSC0329-scaled.jpg","type":"image\/jpeg"}],"author":"Dirk Bradschetl","twitter_card":"summary_large_image","twitter_misc":{"Verfasst von":"Dirk Bradschetl","Gesch\u00e4tzte Lesezeit":"1\u00a0Minute"},"schema":{"@context":"https:\/\/schema.org","@graph":[{"@type":"Article","@id":"https:\/\/24-stunden-schwimmen.de\/?p=877#article","isPartOf":{"@id":"https:\/\/24-stunden-schwimmen.de\/?p=877"},"author":{"name":"Dirk Bradschetl","@id":"https:\/\/24-stunden-schwimmen.de\/#\/schema\/person\/c49719a77f078e117efa20f756da9e24"},"headline":"DANKE! DANKE! DANKE","datePublished":"2023-06-26T06:01:01+00:00","dateModified":"2023-06-26T06:07:30+00:00","mainEntityOfPage":{"@id":"https:\/\/24-stunden-schwimmen.de\/?p=877"},"wordCount":165,"publisher":{"@id":"https:\/\/24-stunden-schwimmen.de\/#organization"},"image":{"@id":"https:\/\/24-stunden-schwimmen.de\/?p=877#primaryimage"},"thumbnailUrl":"https:\/\/24-stunden-schwimmen.de\/wp-content\/uploads\/2023\/06\/DSC0329-scaled.jpg","articleSection":["Uncategorized"],"inLanguage":"de"},{"@type":"WebPage","@id":"https:\/\/24-stunden-schwimmen.de\/?p=877","url":"https:\/\/24-stunden-schwimmen.de\/?p=877","name":"DANKE! DANKE! DANKE - Das Meininger 24-Stunden-Schwimmen","isPartOf":{"@id":"https:\/\/24-stunden-schwimmen.de\/#website"},"primaryImageOfPage":{"@id":"https:\/\/24-stunden-schwimmen.de\/?p=877#primaryimage"},"image":{"@id":"https:\/\/24-stunden-schwimmen.de\/?p=877#primaryimage"},"thumbnailUrl":"https:\/\/24-stunden-schwimmen.de\/wp-content\/uploads\/2023\/06\/DSC0329-scaled.jpg","datePublished":"2023-06-26T06:01:01+00:00","dateModified":"2023-06-26T06:07:30+00:00","breadcrumb":{"@id":"https:\/\/24-stunden-schwimmen.de\/?p=877#breadcrumb"},"inLanguage":"de","potentialAction":[{"@type":"ReadAction","target":["https:\/\/24-stunden-schwimmen.de\/?p=877"]}]},{"@type":"ImageObject","inLanguage":"de","@id":"https:\/\/24-stunden-schwimmen.de\/?p=877#primaryimage","url":"https:\/\/24-stunden-schwimmen.de\/wp-content\/uploads\/2023\/06\/DSC0329-scaled.jpg","contentUrl":"https:\/\/24-stunden-schwimmen.de\/wp-content\/uploads\/2023\/06\/DSC0329-scaled.jpg","width":2560,"height":1702},{"@type":"BreadcrumbList","@id":"https:\/\/24-stunden-schwimmen.de\/?p=877#breadcrumb","itemListElement":[{"@type":"ListItem","position":1,"name":"Startseite","item":"https:\/\/24-stunden-schwimmen.de\/"},{"@type":"ListItem","position":2,"name":"DANKE! DANKE! DANKE"}]},{"@type":"WebSite","@id":"https:\/\/24-stunden-schwimmen.de\/#website","url":"https:\/\/24-stunden-schwimmen.de\/","name":"Das Meininger 24-Stunden-Schwimmen","description":"Der Schwimmklassiker in Meiningen (Th\u00fcringen)","publisher":{"@id":"https:\/\/24-stunden-schwimmen.de\/#organization"},"potentialAction":[{"@type":"SearchAction","target":{"@type":"EntryPoint","urlTemplate":"https:\/\/24-stunden-schwimmen.de\/?s={search_term_string}"},"query-input":{"@type":"PropertyValueSpecification","valueRequired":true,"valueName":"search_term_string"}}],"inLanguage":"de"},{"@type":"Organization","@id":"https:\/\/24-stunden-schwimmen.de\/#organization","name":"Meininger Schwimmverein \"Wasserfreunde\" e.V.","url":"https:\/\/24-stunden-schwimmen.de\/","logo":{"@type":"ImageObject","inLanguage":"de","@id":"https:\/\/24-stunden-schwimmen.de\/#\/schema\/logo\/image\/","url":"https:\/\/24-stunden-schwimmen.de\/wp-content\/uploads\/2023\/06\/24h-Logo.webp","contentUrl":"https:\/\/24-stunden-schwimmen.de\/wp-content\/uploads\/2023\/06\/24h-Logo.webp","width":320,"height":330,"caption":"Meininger Schwimmverein \"Wasserfreunde\" e.V."},"image":{"@id":"https:\/\/24-stunden-schwimmen.de\/#\/schema\/logo\/image\/"},"sameAs":["https:\/\/www.facebook.com\/Meininger24StundenSchwimmen","https:\/\/www.instagram.com\/svwasserfreunde\/","https:\/\/www.youtube.com\/channel\/UC6X4rRlZrgOI3k-11MJbr6A\/featured"]},{"@type":"Person","@id":"https:\/\/24-stunden-schwimmen.de\/#\/schema\/person\/c49719a77f078e117efa20f756da9e24","name":"Dirk Bradschetl","image":{"@type":"ImageObject","inLanguage":"de","@id":"https:\/\/secure.gravatar.com\/avatar\/6e243aed87ea9fe28d2ee9c0fde412bffaff3ac500cb85433a9c5cbd2ffabad7?s=96&d=mm&r=g","url":"https:\/\/secure.gravatar.com\/avatar\/6e243aed87ea9fe28d2ee9c0fde412bffaff3ac500cb85433a9c5cbd2ffabad7?s=96&d=mm&r=g","contentUrl":"https:\/\/secure.gravatar.com\/avatar\/6e243aed87ea9fe28d2ee9c0fde412bffaff3ac500cb85433a9c5cbd2ffabad7?s=96&d=mm&r=g","caption":"Dirk Bradschetl"},"url":"https:\/\/24-stunden-schwimmen.de\/?author=3"}]}},"_links":{"self":[{"href":"https:\/\/24-stunden-schwimmen.de\/index.php?rest_route=\/wp\/v2\/posts\/877","targetHints":{"allow":["GET"]}}],"collection":[{"href":"https:\/\/24-stunden-schwimmen.de\/index.php?rest_route=\/wp\/v2\/posts"}],"about":[{"href":"https:\/\/24-stunden-schwimmen.de\/index.php?rest_route=\/wp\/v2\/types\/post"}],"author":[{"embeddable":true,"href":"https:\/\/24-stunden-schwimmen.de\/index.php?rest_route=\/wp\/v2\/users\/3"}],"replies":[{"embeddable":true,"href":"https:\/\/24-stunden-schwimmen.de\/index.php?rest_route=%2Fwp%2Fv2%2Fcomments&post=877"}],"version-history":[{"count":3,"href":"https:\/\/24-stunden-schwimmen.de\/index.php?rest_route=\/wp\/v2\/posts\/877\/revisions"}],"predecessor-version":[{"id":884,"href":"https:\/\/24-stunden-schwimmen.de\/index.php?rest_route=\/wp\/v2\/posts\/877\/revisions\/884"}],"wp:featuredmedia":[{"embeddable":true,"href":"https:\/\/24-stunden-schwimmen.de\/index.php?rest_route=\/wp\/v2\/media\/878"}],"wp:attachment":[{"href":"https:\/\/24-stunden-schwimmen.de\/index.php?rest_route=%2Fwp%2Fv2%2Fmedia&parent=877"}],"wp:term":[{"taxonomy":"category","embeddable":true,"href":"https:\/\/24-stunden-schwimmen.de\/index.php?rest_route=%2Fwp%2Fv2%2Fcategories&post=877"},{"taxonomy":"post_tag","embeddable":true,"href":"https:\/\/24-stunden-schwimmen.de\/index.php?rest_route=%2Fwp%2Fv2%2Ftags&post=877"}],"curies":[{"name":"wp","href":"https:\/\/api.w.org\/{rel}","templated":true}]}}