{"id":819,"date":"2023-06-18T22:32:03","date_gmt":"2023-06-18T20:32:03","guid":{"rendered":"https:\/\/24-stunden-schwimmen.de\/?p=819"},"modified":"2023-06-18T22:33:45","modified_gmt":"2023-06-18T20:33:45","slug":"das-erwartet-euch","status":"publish","type":"post","link":"https:\/\/24-stunden-schwimmen.de\/?p=819","title":{"rendered":"Das erwartet euch"},"content":{"rendered":"\n<p>Zum 30-j\u00e4hrigen Jubil\u00e4um haben wir f\u00fcr euch rund um die Schwimmbecken auch wieder ein buntes Programm zusammengestellt.<\/p>\n\n\n\n<p class=\"has-medium-font-size\"><strong>Samstag<\/strong><\/p>\n\n\n\n<p><strong>14:00 Uhr Startschuss<\/strong><br>mit Frank Ullrich und Oskar Schildknecht<br>Gru\u00dfworte vom B\u00fcrgermeister Fabian Giesder<\/p>\n\n\n\n<p><strong>14:00 &#8211; 19:00 Uhr Programm mit der Th\u00fcringer Schwimmjugend<\/strong><br>Zeichnen am Kreativtisch, T-Shirts gestalten, Sudokus, Gewinnspiel. Buttons selbst herstellen, Fotobox, Kinderyoga (16 Uhr), Yoga f\u00fcr Schwimmer (18 Uhr)<\/p>\n\n\n\n<p><strong>15:00 &#8211; 18:00 Uhr Kinderschminken &amp; Glitzer Tatoos<\/strong><\/p>\n\n\n\n<p><strong>19:00 Uhr M\u00e4rchenstunde Indianergeschichten<\/strong><br>mit Katja L\u00fcdecke in der Vorhalle<\/p>\n\n\n\n<p><strong>20:00 &#8211; 21:00 Uhr Disko Fox Workshop<\/strong><br>mit der Tanzschule Verena Artus<\/p>\n\n\n\n<p><strong>21:00 Uhr Taschenlampentour<\/strong><br>Schwimmbadtechnik hautnah erleben<br>Anmeldung unter fit@svwasserfreunde.de<\/p>\n\n\n\n<p><strong>21:00 &#8211; 01:00 Uhr Livemusik und Tanz<\/strong><br>mit BELCONDA am Beckenrand im Freibad<\/p>\n\n\n\n<p class=\"has-medium-font-size\"><strong>Sonntag<\/strong><\/p>\n\n\n\n<p><strong>02:00 &#8211; 04:00 Uhr Nachtpokalwertung<\/strong><\/p>\n\n\n\n<p><strong>09:00 &#8211; 11:00 Uhr Schulstaffel der Grundschulen<\/strong><\/p>\n\n\n\n<p><strong>11:00 &#8211; 13:00 Uhr Wasser-Gaudi-Olympiade f\u00fcr Kids<\/strong><\/p>\n\n\n\n<p><strong>12:00 Uhr Wertung der kreativsten Kopfbedeckung<\/strong><\/p>\n\n\n\n<p><strong>14:00 &#8211; 15:00 Uhr Vorf\u00fchrung Tanzschule Verena Artus<\/strong><\/p>\n\n\n\n<p><strong>gegen 15:00 Uhr Siegerehrungen<\/strong><\/p>\n\n\n\n<figure class=\"wp-block-image size-large\"><img loading=\"lazy\" decoding=\"async\" width=\"1024\" height=\"681\" src=\"https:\/\/24-stunden-schwimmen.de\/wp-content\/uploads\/2022\/07\/2022_24h_h23_108-1024x681.jpg\" alt=\"\" class=\"wp-image-668\" srcset=\"https:\/\/24-stunden-schwimmen.de\/wp-content\/uploads\/2022\/07\/2022_24h_h23_108-1024x681.jpg 1024w, https:\/\/24-stunden-schwimmen.de\/wp-content\/uploads\/2022\/07\/2022_24h_h23_108-300x200.jpg 300w, https:\/\/24-stunden-schwimmen.de\/wp-content\/uploads\/2022\/07\/2022_24h_h23_108-768x511.jpg 768w, https:\/\/24-stunden-schwimmen.de\/wp-content\/uploads\/2022\/07\/2022_24h_h23_108.jpg 1210w\" sizes=\"auto, (max-width: 1024px) 100vw, 1024px\" \/><\/figure>\n","protected":false},"excerpt":{"rendered":"<p>Zum 30-j\u00e4hrigen Jubil\u00e4um haben wir f\u00fcr euch rund um die Schwimmbecken auch wieder ein buntes Programm zusammengestellt. Samstag 14:00 Uhr Startschussmit Frank Ullrich und Oskar SchildknechtGru\u00dfworte vom B\u00fcrgermeister Fabian Giesder 14:00 &#8211; 19:00 Uhr Programm mit der Th\u00fcringer SchwimmjugendZeichnen am &hellip; <a href=\"https:\/\/24-stunden-schwimmen.de\/?p=819\">Weiter<\/a><\/p>\n","protected":false},"author":3,"featured_media":639,"comment_status":"closed","ping_status":"closed","sticky":false,"template":"","format":"standard","meta":{"_eb_attr":"","kt_blocks_editor_width":"","footnotes":""},"categories":[1],"tags":[],"class_list":["post-819","post","type-post","status-publish","format-standard","has-post-thumbnail","hentry","category-uncategorized"],"yoast_head":"<!-- This site is optimized with the Yoast SEO plugin v27.5 - https:\/\/yoast.com\/product\/yoast-seo-wordpress\/ -->\n<title>Das erwartet euch - Das Meininger 24-Stunden-Schwimmen<\/title>\n<meta name=\"robots\" content=\"index, follow, max-snippet:-1, max-image-preview:large, max-video-preview:-1\" \/>\n<link rel=\"canonical\" href=\"https:\/\/24-stunden-schwimmen.de\/?p=819\" \/>\n<meta property=\"og:locale\" content=\"de_DE\" \/>\n<meta property=\"og:type\" content=\"article\" \/>\n<meta property=\"og:title\" content=\"Das erwartet euch - Das Meininger 24-Stunden-Schwimmen\" \/>\n<meta property=\"og:description\" content=\"Zum 30-j\u00e4hrigen Jubil\u00e4um haben wir f\u00fcr euch rund um die Schwimmbecken auch wieder ein buntes Programm zusammengestellt. Samstag 14:00 Uhr Startschussmit Frank Ullrich und Oskar SchildknechtGru\u00dfworte vom B\u00fcrgermeister Fabian Giesder 14:00 &#8211; 19:00 Uhr Programm mit der Th\u00fcringer SchwimmjugendZeichnen am &hellip; Weiter\" \/>\n<meta property=\"og:url\" content=\"https:\/\/24-stunden-schwimmen.de\/?p=819\" \/>\n<meta property=\"og:site_name\" content=\"Das Meininger 24-Stunden-Schwimmen\" \/>\n<meta property=\"article:publisher\" content=\"https:\/\/www.facebook.com\/Meininger24StundenSchwimmen\" \/>\n<meta property=\"article:published_time\" content=\"2023-06-18T20:32:03+00:00\" \/>\n<meta property=\"article:modified_time\" content=\"2023-06-18T20:33:45+00:00\" \/>\n<meta property=\"og:image\" content=\"https:\/\/24-stunden-schwimmen.de\/wp-content\/uploads\/2022\/07\/2022_24h_h13_97-e1687120304217.jpg\" \/>\n\t<meta property=\"og:image:width\" content=\"865\" \/>\n\t<meta property=\"og:image:height\" content=\"804\" \/>\n\t<meta property=\"og:image:type\" content=\"image\/jpeg\" \/>\n<meta name=\"author\" content=\"Dirk Bradschetl\" \/>\n<meta name=\"twitter:card\" content=\"summary_large_image\" \/>\n<meta name=\"twitter:label1\" content=\"Verfasst von\" \/>\n\t<meta name=\"twitter:data1\" content=\"Dirk Bradschetl\" \/>\n\t<meta name=\"twitter:label2\" content=\"Gesch\u00e4tzte Lesezeit\" \/>\n\t<meta name=\"twitter:data2\" content=\"1\u00a0Minute\" \/>\n<script type=\"application\/ld+json\" class=\"yoast-schema-graph\">{\"@context\":\"https:\\\/\\\/schema.org\",\"@graph\":[{\"@type\":\"Article\",\"@id\":\"https:\\\/\\\/24-stunden-schwimmen.de\\\/?p=819#article\",\"isPartOf\":{\"@id\":\"https:\\\/\\\/24-stunden-schwimmen.de\\\/?p=819\"},\"author\":{\"name\":\"Dirk Bradschetl\",\"@id\":\"https:\\\/\\\/24-stunden-schwimmen.de\\\/#\\\/schema\\\/person\\\/c49719a77f078e117efa20f756da9e24\"},\"headline\":\"Das erwartet euch\",\"datePublished\":\"2023-06-18T20:32:03+00:00\",\"dateModified\":\"2023-06-18T20:33:45+00:00\",\"mainEntityOfPage\":{\"@id\":\"https:\\\/\\\/24-stunden-schwimmen.de\\\/?p=819\"},\"wordCount\":141,\"publisher\":{\"@id\":\"https:\\\/\\\/24-stunden-schwimmen.de\\\/#organization\"},\"image\":{\"@id\":\"https:\\\/\\\/24-stunden-schwimmen.de\\\/?p=819#primaryimage\"},\"thumbnailUrl\":\"https:\\\/\\\/24-stunden-schwimmen.de\\\/wp-content\\\/uploads\\\/2022\\\/07\\\/2022_24h_h13_97-e1687120304217.jpg\",\"articleSection\":[\"Uncategorized\"],\"inLanguage\":\"de\"},{\"@type\":\"WebPage\",\"@id\":\"https:\\\/\\\/24-stunden-schwimmen.de\\\/?p=819\",\"url\":\"https:\\\/\\\/24-stunden-schwimmen.de\\\/?p=819\",\"name\":\"Das erwartet euch - Das Meininger 24-Stunden-Schwimmen\",\"isPartOf\":{\"@id\":\"https:\\\/\\\/24-stunden-schwimmen.de\\\/#website\"},\"primaryImageOfPage\":{\"@id\":\"https:\\\/\\\/24-stunden-schwimmen.de\\\/?p=819#primaryimage\"},\"image\":{\"@id\":\"https:\\\/\\\/24-stunden-schwimmen.de\\\/?p=819#primaryimage\"},\"thumbnailUrl\":\"https:\\\/\\\/24-stunden-schwimmen.de\\\/wp-content\\\/uploads\\\/2022\\\/07\\\/2022_24h_h13_97-e1687120304217.jpg\",\"datePublished\":\"2023-06-18T20:32:03+00:00\",\"dateModified\":\"2023-06-18T20:33:45+00:00\",\"breadcrumb\":{\"@id\":\"https:\\\/\\\/24-stunden-schwimmen.de\\\/?p=819#breadcrumb\"},\"inLanguage\":\"de\",\"potentialAction\":[{\"@type\":\"ReadAction\",\"target\":[\"https:\\\/\\\/24-stunden-schwimmen.de\\\/?p=819\"]}]},{\"@type\":\"ImageObject\",\"inLanguage\":\"de\",\"@id\":\"https:\\\/\\\/24-stunden-schwimmen.de\\\/?p=819#primaryimage\",\"url\":\"https:\\\/\\\/24-stunden-schwimmen.de\\\/wp-content\\\/uploads\\\/2022\\\/07\\\/2022_24h_h13_97-e1687120304217.jpg\",\"contentUrl\":\"https:\\\/\\\/24-stunden-schwimmen.de\\\/wp-content\\\/uploads\\\/2022\\\/07\\\/2022_24h_h13_97-e1687120304217.jpg\",\"width\":865,\"height\":804},{\"@type\":\"BreadcrumbList\",\"@id\":\"https:\\\/\\\/24-stunden-schwimmen.de\\\/?p=819#breadcrumb\",\"itemListElement\":[{\"@type\":\"ListItem\",\"position\":1,\"name\":\"Startseite\",\"item\":\"https:\\\/\\\/24-stunden-schwimmen.de\\\/\"},{\"@type\":\"ListItem\",\"position\":2,\"name\":\"Das erwartet euch\"}]},{\"@type\":\"WebSite\",\"@id\":\"https:\\\/\\\/24-stunden-schwimmen.de\\\/#website\",\"url\":\"https:\\\/\\\/24-stunden-schwimmen.de\\\/\",\"name\":\"Das Meininger 24-Stunden-Schwimmen\",\"description\":\"Der Schwimmklassiker in Meiningen (Th\u00fcringen)\",\"publisher\":{\"@id\":\"https:\\\/\\\/24-stunden-schwimmen.de\\\/#organization\"},\"potentialAction\":[{\"@type\":\"SearchAction\",\"target\":{\"@type\":\"EntryPoint\",\"urlTemplate\":\"https:\\\/\\\/24-stunden-schwimmen.de\\\/?s={search_term_string}\"},\"query-input\":{\"@type\":\"PropertyValueSpecification\",\"valueRequired\":true,\"valueName\":\"search_term_string\"}}],\"inLanguage\":\"de\"},{\"@type\":\"Organization\",\"@id\":\"https:\\\/\\\/24-stunden-schwimmen.de\\\/#organization\",\"name\":\"Meininger Schwimmverein \\\"Wasserfreunde\\\" e.V.\",\"url\":\"https:\\\/\\\/24-stunden-schwimmen.de\\\/\",\"logo\":{\"@type\":\"ImageObject\",\"inLanguage\":\"de\",\"@id\":\"https:\\\/\\\/24-stunden-schwimmen.de\\\/#\\\/schema\\\/logo\\\/image\\\/\",\"url\":\"https:\\\/\\\/24-stunden-schwimmen.de\\\/wp-content\\\/uploads\\\/2023\\\/06\\\/24h-Logo.webp\",\"contentUrl\":\"https:\\\/\\\/24-stunden-schwimmen.de\\\/wp-content\\\/uploads\\\/2023\\\/06\\\/24h-Logo.webp\",\"width\":320,\"height\":330,\"caption\":\"Meininger Schwimmverein \\\"Wasserfreunde\\\" e.V.\"},\"image\":{\"@id\":\"https:\\\/\\\/24-stunden-schwimmen.de\\\/#\\\/schema\\\/logo\\\/image\\\/\"},\"sameAs\":[\"https:\\\/\\\/www.facebook.com\\\/Meininger24StundenSchwimmen\",\"https:\\\/\\\/www.instagram.com\\\/svwasserfreunde\\\/\",\"https:\\\/\\\/www.youtube.com\\\/channel\\\/UC6X4rRlZrgOI3k-11MJbr6A\\\/featured\"]},{\"@type\":\"Person\",\"@id\":\"https:\\\/\\\/24-stunden-schwimmen.de\\\/#\\\/schema\\\/person\\\/c49719a77f078e117efa20f756da9e24\",\"name\":\"Dirk Bradschetl\",\"image\":{\"@type\":\"ImageObject\",\"inLanguage\":\"de\",\"@id\":\"https:\\\/\\\/secure.gravatar.com\\\/avatar\\\/6e243aed87ea9fe28d2ee9c0fde412bffaff3ac500cb85433a9c5cbd2ffabad7?s=96&d=mm&r=g\",\"url\":\"https:\\\/\\\/secure.gravatar.com\\\/avatar\\\/6e243aed87ea9fe28d2ee9c0fde412bffaff3ac500cb85433a9c5cbd2ffabad7?s=96&d=mm&r=g\",\"contentUrl\":\"https:\\\/\\\/secure.gravatar.com\\\/avatar\\\/6e243aed87ea9fe28d2ee9c0fde412bffaff3ac500cb85433a9c5cbd2ffabad7?s=96&d=mm&r=g\",\"caption\":\"Dirk Bradschetl\"},\"url\":\"https:\\\/\\\/24-stunden-schwimmen.de\\\/?author=3\"}]}<\/script>\n<!-- \/ Yoast SEO plugin. -->","yoast_head_json":{"title":"Das erwartet euch - Das Meininger 24-Stunden-Schwimmen","robots":{"index":"index","follow":"follow","max-snippet":"max-snippet:-1","max-image-preview":"max-image-preview:large","max-video-preview":"max-video-preview:-1"},"canonical":"https:\/\/24-stunden-schwimmen.de\/?p=819","og_locale":"de_DE","og_type":"article","og_title":"Das erwartet euch - Das Meininger 24-Stunden-Schwimmen","og_description":"Zum 30-j\u00e4hrigen Jubil\u00e4um haben wir f\u00fcr euch rund um die Schwimmbecken auch wieder ein buntes Programm zusammengestellt. Samstag 14:00 Uhr Startschussmit Frank Ullrich und Oskar SchildknechtGru\u00dfworte vom B\u00fcrgermeister Fabian Giesder 14:00 &#8211; 19:00 Uhr Programm mit der Th\u00fcringer SchwimmjugendZeichnen am &hellip; Weiter","og_url":"https:\/\/24-stunden-schwimmen.de\/?p=819","og_site_name":"Das Meininger 24-Stunden-Schwimmen","article_publisher":"https:\/\/www.facebook.com\/Meininger24StundenSchwimmen","article_published_time":"2023-06-18T20:32:03+00:00","article_modified_time":"2023-06-18T20:33:45+00:00","og_image":[{"width":865,"height":804,"url":"https:\/\/24-stunden-schwimmen.de\/wp-content\/uploads\/2022\/07\/2022_24h_h13_97-e1687120304217.jpg","type":"image\/jpeg"}],"author":"Dirk Bradschetl","twitter_card":"summary_large_image","twitter_misc":{"Verfasst von":"Dirk Bradschetl","Gesch\u00e4tzte Lesezeit":"1\u00a0Minute"},"schema":{"@context":"https:\/\/schema.org","@graph":[{"@type":"Article","@id":"https:\/\/24-stunden-schwimmen.de\/?p=819#article","isPartOf":{"@id":"https:\/\/24-stunden-schwimmen.de\/?p=819"},"author":{"name":"Dirk Bradschetl","@id":"https:\/\/24-stunden-schwimmen.de\/#\/schema\/person\/c49719a77f078e117efa20f756da9e24"},"headline":"Das erwartet euch","datePublished":"2023-06-18T20:32:03+00:00","dateModified":"2023-06-18T20:33:45+00:00","mainEntityOfPage":{"@id":"https:\/\/24-stunden-schwimmen.de\/?p=819"},"wordCount":141,"publisher":{"@id":"https:\/\/24-stunden-schwimmen.de\/#organization"},"image":{"@id":"https:\/\/24-stunden-schwimmen.de\/?p=819#primaryimage"},"thumbnailUrl":"https:\/\/24-stunden-schwimmen.de\/wp-content\/uploads\/2022\/07\/2022_24h_h13_97-e1687120304217.jpg","articleSection":["Uncategorized"],"inLanguage":"de"},{"@type":"WebPage","@id":"https:\/\/24-stunden-schwimmen.de\/?p=819","url":"https:\/\/24-stunden-schwimmen.de\/?p=819","name":"Das erwartet euch - Das Meininger 24-Stunden-Schwimmen","isPartOf":{"@id":"https:\/\/24-stunden-schwimmen.de\/#website"},"primaryImageOfPage":{"@id":"https:\/\/24-stunden-schwimmen.de\/?p=819#primaryimage"},"image":{"@id":"https:\/\/24-stunden-schwimmen.de\/?p=819#primaryimage"},"thumbnailUrl":"https:\/\/24-stunden-schwimmen.de\/wp-content\/uploads\/2022\/07\/2022_24h_h13_97-e1687120304217.jpg","datePublished":"2023-06-18T20:32:03+00:00","dateModified":"2023-06-18T20:33:45+00:00","breadcrumb":{"@id":"https:\/\/24-stunden-schwimmen.de\/?p=819#breadcrumb"},"inLanguage":"de","potentialAction":[{"@type":"ReadAction","target":["https:\/\/24-stunden-schwimmen.de\/?p=819"]}]},{"@type":"ImageObject","inLanguage":"de","@id":"https:\/\/24-stunden-schwimmen.de\/?p=819#primaryimage","url":"https:\/\/24-stunden-schwimmen.de\/wp-content\/uploads\/2022\/07\/2022_24h_h13_97-e1687120304217.jpg","contentUrl":"https:\/\/24-stunden-schwimmen.de\/wp-content\/uploads\/2022\/07\/2022_24h_h13_97-e1687120304217.jpg","width":865,"height":804},{"@type":"BreadcrumbList","@id":"https:\/\/24-stunden-schwimmen.de\/?p=819#breadcrumb","itemListElement":[{"@type":"ListItem","position":1,"name":"Startseite","item":"https:\/\/24-stunden-schwimmen.de\/"},{"@type":"ListItem","position":2,"name":"Das erwartet euch"}]},{"@type":"WebSite","@id":"https:\/\/24-stunden-schwimmen.de\/#website","url":"https:\/\/24-stunden-schwimmen.de\/","name":"Das Meininger 24-Stunden-Schwimmen","description":"Der Schwimmklassiker in Meiningen (Th\u00fcringen)","publisher":{"@id":"https:\/\/24-stunden-schwimmen.de\/#organization"},"potentialAction":[{"@type":"SearchAction","target":{"@type":"EntryPoint","urlTemplate":"https:\/\/24-stunden-schwimmen.de\/?s={search_term_string}"},"query-input":{"@type":"PropertyValueSpecification","valueRequired":true,"valueName":"search_term_string"}}],"inLanguage":"de"},{"@type":"Organization","@id":"https:\/\/24-stunden-schwimmen.de\/#organization","name":"Meininger Schwimmverein \"Wasserfreunde\" e.V.","url":"https:\/\/24-stunden-schwimmen.de\/","logo":{"@type":"ImageObject","inLanguage":"de","@id":"https:\/\/24-stunden-schwimmen.de\/#\/schema\/logo\/image\/","url":"https:\/\/24-stunden-schwimmen.de\/wp-content\/uploads\/2023\/06\/24h-Logo.webp","contentUrl":"https:\/\/24-stunden-schwimmen.de\/wp-content\/uploads\/2023\/06\/24h-Logo.webp","width":320,"height":330,"caption":"Meininger Schwimmverein \"Wasserfreunde\" e.V."},"image":{"@id":"https:\/\/24-stunden-schwimmen.de\/#\/schema\/logo\/image\/"},"sameAs":["https:\/\/www.facebook.com\/Meininger24StundenSchwimmen","https:\/\/www.instagram.com\/svwasserfreunde\/","https:\/\/www.youtube.com\/channel\/UC6X4rRlZrgOI3k-11MJbr6A\/featured"]},{"@type":"Person","@id":"https:\/\/24-stunden-schwimmen.de\/#\/schema\/person\/c49719a77f078e117efa20f756da9e24","name":"Dirk Bradschetl","image":{"@type":"ImageObject","inLanguage":"de","@id":"https:\/\/secure.gravatar.com\/avatar\/6e243aed87ea9fe28d2ee9c0fde412bffaff3ac500cb85433a9c5cbd2ffabad7?s=96&d=mm&r=g","url":"https:\/\/secure.gravatar.com\/avatar\/6e243aed87ea9fe28d2ee9c0fde412bffaff3ac500cb85433a9c5cbd2ffabad7?s=96&d=mm&r=g","contentUrl":"https:\/\/secure.gravatar.com\/avatar\/6e243aed87ea9fe28d2ee9c0fde412bffaff3ac500cb85433a9c5cbd2ffabad7?s=96&d=mm&r=g","caption":"Dirk Bradschetl"},"url":"https:\/\/24-stunden-schwimmen.de\/?author=3"}]}},"_links":{"self":[{"href":"https:\/\/24-stunden-schwimmen.de\/index.php?rest_route=\/wp\/v2\/posts\/819","targetHints":{"allow":["GET"]}}],"collection":[{"href":"https:\/\/24-stunden-schwimmen.de\/index.php?rest_route=\/wp\/v2\/posts"}],"about":[{"href":"https:\/\/24-stunden-schwimmen.de\/index.php?rest_route=\/wp\/v2\/types\/post"}],"author":[{"embeddable":true,"href":"https:\/\/24-stunden-schwimmen.de\/index.php?rest_route=\/wp\/v2\/users\/3"}],"replies":[{"embeddable":true,"href":"https:\/\/24-stunden-schwimmen.de\/index.php?rest_route=%2Fwp%2Fv2%2Fcomments&post=819"}],"version-history":[{"count":2,"href":"https:\/\/24-stunden-schwimmen.de\/index.php?rest_route=\/wp\/v2\/posts\/819\/revisions"}],"predecessor-version":[{"id":821,"href":"https:\/\/24-stunden-schwimmen.de\/index.php?rest_route=\/wp\/v2\/posts\/819\/revisions\/821"}],"wp:featuredmedia":[{"embeddable":true,"href":"https:\/\/24-stunden-schwimmen.de\/index.php?rest_route=\/wp\/v2\/media\/639"}],"wp:attachment":[{"href":"https:\/\/24-stunden-schwimmen.de\/index.php?rest_route=%2Fwp%2Fv2%2Fmedia&parent=819"}],"wp:term":[{"taxonomy":"category","embeddable":true,"href":"https:\/\/24-stunden-schwimmen.de\/index.php?rest_route=%2Fwp%2Fv2%2Fcategories&post=819"},{"taxonomy":"post_tag","embeddable":true,"href":"https:\/\/24-stunden-schwimmen.de\/index.php?rest_route=%2Fwp%2Fv2%2Ftags&post=819"}],"curies":[{"name":"wp","href":"https:\/\/api.w.org\/{rel}","templated":true}]}}