{"id":767,"date":"2023-02-12T18:50:00","date_gmt":"2023-02-12T16:50:00","guid":{"rendered":"https:\/\/24-stunden-schwimmen.de\/?p=767"},"modified":"2023-04-02T17:42:09","modified_gmt":"2023-04-02T15:42:09","slug":"zu-den-wurzeln-zurueck","status":"publish","type":"post","link":"https:\/\/24-stunden-schwimmen.de\/?p=767","title":{"rendered":"Zu den Wurzeln zur\u00fcck"},"content":{"rendered":"\n<p>Wir hatten schon alles. Keine Party, die Party am Beckenrand, die Party auf dem Parkdeck, keine Party wegen Corona und nochmal die Party auf dem Parkdeck. Und alle sind sich einig: Die Party geh\u00f6rt an den Beckenrand. Diese einmalig Stimmung hat den Meininger Schwimmklassiker weit \u00fcber die Stadt- und Kreisgrenzen bekannt und beliebt gemacht. Also gehen wir 2023 den Weg zur\u00fcck ins Bad. Reserviert euch den 24. und 25. Juni und feiert mit uns eine riesige Sport- und Schwimmparty. Mehr Infos folgen hier und auf unseren Social-Mediakan\u00e4len. Wir freuen uns auf euch!<\/p>\n\n\n\n<figure class=\"wp-block-image size-large\"><img loading=\"lazy\" decoding=\"async\" width=\"1024\" height=\"685\" src=\"https:\/\/24-stunden-schwimmen.de\/wp-content\/uploads\/2023\/02\/DSC_0128-1024x685.jpg\" alt=\"\" class=\"wp-image-768\" srcset=\"https:\/\/24-stunden-schwimmen.de\/wp-content\/uploads\/2023\/02\/DSC_0128-1024x685.jpg 1024w, https:\/\/24-stunden-schwimmen.de\/wp-content\/uploads\/2023\/02\/DSC_0128-300x201.jpg 300w, https:\/\/24-stunden-schwimmen.de\/wp-content\/uploads\/2023\/02\/DSC_0128-768x514.jpg 768w, https:\/\/24-stunden-schwimmen.de\/wp-content\/uploads\/2023\/02\/DSC_0128-1536x1028.jpg 1536w, https:\/\/24-stunden-schwimmen.de\/wp-content\/uploads\/2023\/02\/DSC_0128-2048x1371.jpg 2048w\" sizes=\"auto, (max-width: 1024px) 100vw, 1024px\" \/><\/figure>\n","protected":false},"excerpt":{"rendered":"<p>Wir hatten schon alles. Keine Party, die Party am Beckenrand, die Party auf dem Parkdeck, keine Party wegen Corona und nochmal die Party auf dem Parkdeck. Und alle sind sich einig: Die Party geh\u00f6rt an den Beckenrand. Diese einmalig Stimmung &hellip; <a href=\"https:\/\/24-stunden-schwimmen.de\/?p=767\">Weiter<\/a><\/p>\n","protected":false},"author":3,"featured_media":769,"comment_status":"closed","ping_status":"closed","sticky":false,"template":"","format":"standard","meta":{"_eb_attr":"","kt_blocks_editor_width":"","footnotes":""},"categories":[1],"tags":[],"class_list":["post-767","post","type-post","status-publish","format-standard","has-post-thumbnail","hentry","category-uncategorized"],"yoast_head":"<!-- This site is optimized with the Yoast SEO plugin v27.5 - https:\/\/yoast.com\/product\/yoast-seo-wordpress\/ -->\n<title>Zu den Wurzeln zur\u00fcck - Das Meininger 24-Stunden-Schwimmen<\/title>\n<meta name=\"robots\" content=\"index, follow, max-snippet:-1, max-image-preview:large, max-video-preview:-1\" \/>\n<link rel=\"canonical\" href=\"https:\/\/24-stunden-schwimmen.de\/?p=767\" \/>\n<meta property=\"og:locale\" content=\"de_DE\" \/>\n<meta property=\"og:type\" content=\"article\" \/>\n<meta property=\"og:title\" content=\"Zu den Wurzeln zur\u00fcck - Das Meininger 24-Stunden-Schwimmen\" \/>\n<meta property=\"og:description\" content=\"Wir hatten schon alles. Keine Party, die Party am Beckenrand, die Party auf dem Parkdeck, keine Party wegen Corona und nochmal die Party auf dem Parkdeck. Und alle sind sich einig: Die Party geh\u00f6rt an den Beckenrand. Diese einmalig Stimmung &hellip; Weiter\" \/>\n<meta property=\"og:url\" content=\"https:\/\/24-stunden-schwimmen.de\/?p=767\" \/>\n<meta property=\"og:site_name\" content=\"Das Meininger 24-Stunden-Schwimmen\" \/>\n<meta property=\"article:publisher\" content=\"https:\/\/www.facebook.com\/Meininger24StundenSchwimmen\" \/>\n<meta property=\"article:published_time\" content=\"2023-02-12T16:50:00+00:00\" \/>\n<meta property=\"article:modified_time\" content=\"2023-04-02T15:42:09+00:00\" \/>\n<meta property=\"og:image\" content=\"https:\/\/24-stunden-schwimmen.de\/wp-content\/uploads\/2023\/02\/230212_24hMGN_StD-Kopie.jpg\" \/>\n\t<meta property=\"og:image:width\" content=\"2516\" \/>\n\t<meta property=\"og:image:height\" content=\"2516\" \/>\n\t<meta property=\"og:image:type\" content=\"image\/jpeg\" \/>\n<meta name=\"author\" content=\"Dirk Bradschetl\" \/>\n<meta name=\"twitter:card\" content=\"summary_large_image\" \/>\n<meta name=\"twitter:label1\" content=\"Verfasst von\" \/>\n\t<meta name=\"twitter:data1\" content=\"Dirk Bradschetl\" \/>\n<script type=\"application\/ld+json\" class=\"yoast-schema-graph\">{\"@context\":\"https:\\\/\\\/schema.org\",\"@graph\":[{\"@type\":\"Article\",\"@id\":\"https:\\\/\\\/24-stunden-schwimmen.de\\\/?p=767#article\",\"isPartOf\":{\"@id\":\"https:\\\/\\\/24-stunden-schwimmen.de\\\/?p=767\"},\"author\":{\"name\":\"Dirk Bradschetl\",\"@id\":\"https:\\\/\\\/24-stunden-schwimmen.de\\\/#\\\/schema\\\/person\\\/c49719a77f078e117efa20f756da9e24\"},\"headline\":\"Zu den Wurzeln zur\u00fcck\",\"datePublished\":\"2023-02-12T16:50:00+00:00\",\"dateModified\":\"2023-04-02T15:42:09+00:00\",\"mainEntityOfPage\":{\"@id\":\"https:\\\/\\\/24-stunden-schwimmen.de\\\/?p=767\"},\"wordCount\":97,\"publisher\":{\"@id\":\"https:\\\/\\\/24-stunden-schwimmen.de\\\/#organization\"},\"image\":{\"@id\":\"https:\\\/\\\/24-stunden-schwimmen.de\\\/?p=767#primaryimage\"},\"thumbnailUrl\":\"https:\\\/\\\/24-stunden-schwimmen.de\\\/wp-content\\\/uploads\\\/2023\\\/02\\\/230212_24hMGN_StD-Kopie.jpg\",\"articleSection\":[\"Uncategorized\"],\"inLanguage\":\"de\"},{\"@type\":\"WebPage\",\"@id\":\"https:\\\/\\\/24-stunden-schwimmen.de\\\/?p=767\",\"url\":\"https:\\\/\\\/24-stunden-schwimmen.de\\\/?p=767\",\"name\":\"Zu den Wurzeln zur\u00fcck - Das Meininger 24-Stunden-Schwimmen\",\"isPartOf\":{\"@id\":\"https:\\\/\\\/24-stunden-schwimmen.de\\\/#website\"},\"primaryImageOfPage\":{\"@id\":\"https:\\\/\\\/24-stunden-schwimmen.de\\\/?p=767#primaryimage\"},\"image\":{\"@id\":\"https:\\\/\\\/24-stunden-schwimmen.de\\\/?p=767#primaryimage\"},\"thumbnailUrl\":\"https:\\\/\\\/24-stunden-schwimmen.de\\\/wp-content\\\/uploads\\\/2023\\\/02\\\/230212_24hMGN_StD-Kopie.jpg\",\"datePublished\":\"2023-02-12T16:50:00+00:00\",\"dateModified\":\"2023-04-02T15:42:09+00:00\",\"breadcrumb\":{\"@id\":\"https:\\\/\\\/24-stunden-schwimmen.de\\\/?p=767#breadcrumb\"},\"inLanguage\":\"de\",\"potentialAction\":[{\"@type\":\"ReadAction\",\"target\":[\"https:\\\/\\\/24-stunden-schwimmen.de\\\/?p=767\"]}]},{\"@type\":\"ImageObject\",\"inLanguage\":\"de\",\"@id\":\"https:\\\/\\\/24-stunden-schwimmen.de\\\/?p=767#primaryimage\",\"url\":\"https:\\\/\\\/24-stunden-schwimmen.de\\\/wp-content\\\/uploads\\\/2023\\\/02\\\/230212_24hMGN_StD-Kopie.jpg\",\"contentUrl\":\"https:\\\/\\\/24-stunden-schwimmen.de\\\/wp-content\\\/uploads\\\/2023\\\/02\\\/230212_24hMGN_StD-Kopie.jpg\",\"width\":2516,\"height\":2516},{\"@type\":\"BreadcrumbList\",\"@id\":\"https:\\\/\\\/24-stunden-schwimmen.de\\\/?p=767#breadcrumb\",\"itemListElement\":[{\"@type\":\"ListItem\",\"position\":1,\"name\":\"Startseite\",\"item\":\"https:\\\/\\\/24-stunden-schwimmen.de\\\/\"},{\"@type\":\"ListItem\",\"position\":2,\"name\":\"Zu den Wurzeln zur\u00fcck\"}]},{\"@type\":\"WebSite\",\"@id\":\"https:\\\/\\\/24-stunden-schwimmen.de\\\/#website\",\"url\":\"https:\\\/\\\/24-stunden-schwimmen.de\\\/\",\"name\":\"Das Meininger 24-Stunden-Schwimmen\",\"description\":\"Der Schwimmklassiker in Meiningen (Th\u00fcringen)\",\"publisher\":{\"@id\":\"https:\\\/\\\/24-stunden-schwimmen.de\\\/#organization\"},\"potentialAction\":[{\"@type\":\"SearchAction\",\"target\":{\"@type\":\"EntryPoint\",\"urlTemplate\":\"https:\\\/\\\/24-stunden-schwimmen.de\\\/?s={search_term_string}\"},\"query-input\":{\"@type\":\"PropertyValueSpecification\",\"valueRequired\":true,\"valueName\":\"search_term_string\"}}],\"inLanguage\":\"de\"},{\"@type\":\"Organization\",\"@id\":\"https:\\\/\\\/24-stunden-schwimmen.de\\\/#organization\",\"name\":\"Meininger Schwimmverein \\\"Wasserfreunde\\\" e.V.\",\"url\":\"https:\\\/\\\/24-stunden-schwimmen.de\\\/\",\"logo\":{\"@type\":\"ImageObject\",\"inLanguage\":\"de\",\"@id\":\"https:\\\/\\\/24-stunden-schwimmen.de\\\/#\\\/schema\\\/logo\\\/image\\\/\",\"url\":\"https:\\\/\\\/24-stunden-schwimmen.de\\\/wp-content\\\/uploads\\\/2023\\\/06\\\/24h-Logo.webp\",\"contentUrl\":\"https:\\\/\\\/24-stunden-schwimmen.de\\\/wp-content\\\/uploads\\\/2023\\\/06\\\/24h-Logo.webp\",\"width\":320,\"height\":330,\"caption\":\"Meininger Schwimmverein \\\"Wasserfreunde\\\" e.V.\"},\"image\":{\"@id\":\"https:\\\/\\\/24-stunden-schwimmen.de\\\/#\\\/schema\\\/logo\\\/image\\\/\"},\"sameAs\":[\"https:\\\/\\\/www.facebook.com\\\/Meininger24StundenSchwimmen\",\"https:\\\/\\\/www.instagram.com\\\/svwasserfreunde\\\/\",\"https:\\\/\\\/www.youtube.com\\\/channel\\\/UC6X4rRlZrgOI3k-11MJbr6A\\\/featured\"]},{\"@type\":\"Person\",\"@id\":\"https:\\\/\\\/24-stunden-schwimmen.de\\\/#\\\/schema\\\/person\\\/c49719a77f078e117efa20f756da9e24\",\"name\":\"Dirk Bradschetl\",\"image\":{\"@type\":\"ImageObject\",\"inLanguage\":\"de\",\"@id\":\"https:\\\/\\\/secure.gravatar.com\\\/avatar\\\/6e243aed87ea9fe28d2ee9c0fde412bffaff3ac500cb85433a9c5cbd2ffabad7?s=96&d=mm&r=g\",\"url\":\"https:\\\/\\\/secure.gravatar.com\\\/avatar\\\/6e243aed87ea9fe28d2ee9c0fde412bffaff3ac500cb85433a9c5cbd2ffabad7?s=96&d=mm&r=g\",\"contentUrl\":\"https:\\\/\\\/secure.gravatar.com\\\/avatar\\\/6e243aed87ea9fe28d2ee9c0fde412bffaff3ac500cb85433a9c5cbd2ffabad7?s=96&d=mm&r=g\",\"caption\":\"Dirk Bradschetl\"},\"url\":\"https:\\\/\\\/24-stunden-schwimmen.de\\\/?author=3\"}]}<\/script>\n<!-- \/ Yoast SEO plugin. -->","yoast_head_json":{"title":"Zu den Wurzeln zur\u00fcck - Das Meininger 24-Stunden-Schwimmen","robots":{"index":"index","follow":"follow","max-snippet":"max-snippet:-1","max-image-preview":"max-image-preview:large","max-video-preview":"max-video-preview:-1"},"canonical":"https:\/\/24-stunden-schwimmen.de\/?p=767","og_locale":"de_DE","og_type":"article","og_title":"Zu den Wurzeln zur\u00fcck - Das Meininger 24-Stunden-Schwimmen","og_description":"Wir hatten schon alles. Keine Party, die Party am Beckenrand, die Party auf dem Parkdeck, keine Party wegen Corona und nochmal die Party auf dem Parkdeck. Und alle sind sich einig: Die Party geh\u00f6rt an den Beckenrand. Diese einmalig Stimmung &hellip; Weiter","og_url":"https:\/\/24-stunden-schwimmen.de\/?p=767","og_site_name":"Das Meininger 24-Stunden-Schwimmen","article_publisher":"https:\/\/www.facebook.com\/Meininger24StundenSchwimmen","article_published_time":"2023-02-12T16:50:00+00:00","article_modified_time":"2023-04-02T15:42:09+00:00","og_image":[{"width":2516,"height":2516,"url":"https:\/\/24-stunden-schwimmen.de\/wp-content\/uploads\/2023\/02\/230212_24hMGN_StD-Kopie.jpg","type":"image\/jpeg"}],"author":"Dirk Bradschetl","twitter_card":"summary_large_image","twitter_misc":{"Verfasst von":"Dirk Bradschetl"},"schema":{"@context":"https:\/\/schema.org","@graph":[{"@type":"Article","@id":"https:\/\/24-stunden-schwimmen.de\/?p=767#article","isPartOf":{"@id":"https:\/\/24-stunden-schwimmen.de\/?p=767"},"author":{"name":"Dirk Bradschetl","@id":"https:\/\/24-stunden-schwimmen.de\/#\/schema\/person\/c49719a77f078e117efa20f756da9e24"},"headline":"Zu den Wurzeln zur\u00fcck","datePublished":"2023-02-12T16:50:00+00:00","dateModified":"2023-04-02T15:42:09+00:00","mainEntityOfPage":{"@id":"https:\/\/24-stunden-schwimmen.de\/?p=767"},"wordCount":97,"publisher":{"@id":"https:\/\/24-stunden-schwimmen.de\/#organization"},"image":{"@id":"https:\/\/24-stunden-schwimmen.de\/?p=767#primaryimage"},"thumbnailUrl":"https:\/\/24-stunden-schwimmen.de\/wp-content\/uploads\/2023\/02\/230212_24hMGN_StD-Kopie.jpg","articleSection":["Uncategorized"],"inLanguage":"de"},{"@type":"WebPage","@id":"https:\/\/24-stunden-schwimmen.de\/?p=767","url":"https:\/\/24-stunden-schwimmen.de\/?p=767","name":"Zu den Wurzeln zur\u00fcck - Das Meininger 24-Stunden-Schwimmen","isPartOf":{"@id":"https:\/\/24-stunden-schwimmen.de\/#website"},"primaryImageOfPage":{"@id":"https:\/\/24-stunden-schwimmen.de\/?p=767#primaryimage"},"image":{"@id":"https:\/\/24-stunden-schwimmen.de\/?p=767#primaryimage"},"thumbnailUrl":"https:\/\/24-stunden-schwimmen.de\/wp-content\/uploads\/2023\/02\/230212_24hMGN_StD-Kopie.jpg","datePublished":"2023-02-12T16:50:00+00:00","dateModified":"2023-04-02T15:42:09+00:00","breadcrumb":{"@id":"https:\/\/24-stunden-schwimmen.de\/?p=767#breadcrumb"},"inLanguage":"de","potentialAction":[{"@type":"ReadAction","target":["https:\/\/24-stunden-schwimmen.de\/?p=767"]}]},{"@type":"ImageObject","inLanguage":"de","@id":"https:\/\/24-stunden-schwimmen.de\/?p=767#primaryimage","url":"https:\/\/24-stunden-schwimmen.de\/wp-content\/uploads\/2023\/02\/230212_24hMGN_StD-Kopie.jpg","contentUrl":"https:\/\/24-stunden-schwimmen.de\/wp-content\/uploads\/2023\/02\/230212_24hMGN_StD-Kopie.jpg","width":2516,"height":2516},{"@type":"BreadcrumbList","@id":"https:\/\/24-stunden-schwimmen.de\/?p=767#breadcrumb","itemListElement":[{"@type":"ListItem","position":1,"name":"Startseite","item":"https:\/\/24-stunden-schwimmen.de\/"},{"@type":"ListItem","position":2,"name":"Zu den Wurzeln zur\u00fcck"}]},{"@type":"WebSite","@id":"https:\/\/24-stunden-schwimmen.de\/#website","url":"https:\/\/24-stunden-schwimmen.de\/","name":"Das Meininger 24-Stunden-Schwimmen","description":"Der Schwimmklassiker in Meiningen (Th\u00fcringen)","publisher":{"@id":"https:\/\/24-stunden-schwimmen.de\/#organization"},"potentialAction":[{"@type":"SearchAction","target":{"@type":"EntryPoint","urlTemplate":"https:\/\/24-stunden-schwimmen.de\/?s={search_term_string}"},"query-input":{"@type":"PropertyValueSpecification","valueRequired":true,"valueName":"search_term_string"}}],"inLanguage":"de"},{"@type":"Organization","@id":"https:\/\/24-stunden-schwimmen.de\/#organization","name":"Meininger Schwimmverein \"Wasserfreunde\" e.V.","url":"https:\/\/24-stunden-schwimmen.de\/","logo":{"@type":"ImageObject","inLanguage":"de","@id":"https:\/\/24-stunden-schwimmen.de\/#\/schema\/logo\/image\/","url":"https:\/\/24-stunden-schwimmen.de\/wp-content\/uploads\/2023\/06\/24h-Logo.webp","contentUrl":"https:\/\/24-stunden-schwimmen.de\/wp-content\/uploads\/2023\/06\/24h-Logo.webp","width":320,"height":330,"caption":"Meininger Schwimmverein \"Wasserfreunde\" e.V."},"image":{"@id":"https:\/\/24-stunden-schwimmen.de\/#\/schema\/logo\/image\/"},"sameAs":["https:\/\/www.facebook.com\/Meininger24StundenSchwimmen","https:\/\/www.instagram.com\/svwasserfreunde\/","https:\/\/www.youtube.com\/channel\/UC6X4rRlZrgOI3k-11MJbr6A\/featured"]},{"@type":"Person","@id":"https:\/\/24-stunden-schwimmen.de\/#\/schema\/person\/c49719a77f078e117efa20f756da9e24","name":"Dirk Bradschetl","image":{"@type":"ImageObject","inLanguage":"de","@id":"https:\/\/secure.gravatar.com\/avatar\/6e243aed87ea9fe28d2ee9c0fde412bffaff3ac500cb85433a9c5cbd2ffabad7?s=96&d=mm&r=g","url":"https:\/\/secure.gravatar.com\/avatar\/6e243aed87ea9fe28d2ee9c0fde412bffaff3ac500cb85433a9c5cbd2ffabad7?s=96&d=mm&r=g","contentUrl":"https:\/\/secure.gravatar.com\/avatar\/6e243aed87ea9fe28d2ee9c0fde412bffaff3ac500cb85433a9c5cbd2ffabad7?s=96&d=mm&r=g","caption":"Dirk Bradschetl"},"url":"https:\/\/24-stunden-schwimmen.de\/?author=3"}]}},"_links":{"self":[{"href":"https:\/\/24-stunden-schwimmen.de\/index.php?rest_route=\/wp\/v2\/posts\/767","targetHints":{"allow":["GET"]}}],"collection":[{"href":"https:\/\/24-stunden-schwimmen.de\/index.php?rest_route=\/wp\/v2\/posts"}],"about":[{"href":"https:\/\/24-stunden-schwimmen.de\/index.php?rest_route=\/wp\/v2\/types\/post"}],"author":[{"embeddable":true,"href":"https:\/\/24-stunden-schwimmen.de\/index.php?rest_route=\/wp\/v2\/users\/3"}],"replies":[{"embeddable":true,"href":"https:\/\/24-stunden-schwimmen.de\/index.php?rest_route=%2Fwp%2Fv2%2Fcomments&post=767"}],"version-history":[{"count":1,"href":"https:\/\/24-stunden-schwimmen.de\/index.php?rest_route=\/wp\/v2\/posts\/767\/revisions"}],"predecessor-version":[{"id":770,"href":"https:\/\/24-stunden-schwimmen.de\/index.php?rest_route=\/wp\/v2\/posts\/767\/revisions\/770"}],"wp:featuredmedia":[{"embeddable":true,"href":"https:\/\/24-stunden-schwimmen.de\/index.php?rest_route=\/wp\/v2\/media\/769"}],"wp:attachment":[{"href":"https:\/\/24-stunden-schwimmen.de\/index.php?rest_route=%2Fwp%2Fv2%2Fmedia&parent=767"}],"wp:term":[{"taxonomy":"category","embeddable":true,"href":"https:\/\/24-stunden-schwimmen.de\/index.php?rest_route=%2Fwp%2Fv2%2Fcategories&post=767"},{"taxonomy":"post_tag","embeddable":true,"href":"https:\/\/24-stunden-schwimmen.de\/index.php?rest_route=%2Fwp%2Fv2%2Ftags&post=767"}],"curies":[{"name":"wp","href":"https:\/\/api.w.org\/{rel}","templated":true}]}}