{"id":512,"date":"2022-06-27T23:03:12","date_gmt":"2022-06-27T21:03:12","guid":{"rendered":"https:\/\/24-stunden-schwimmen.de\/?p=512"},"modified":"2022-06-27T23:06:53","modified_gmt":"2022-06-27T21:06:53","slug":"gemeinsam-zum-weltrekord","status":"publish","type":"post","link":"https:\/\/24-stunden-schwimmen.de\/?p=512","title":{"rendered":"Gemeinsam zum Weltrekord!"},"content":{"rendered":"\n<p>Die Chance, gemeinsam mit der mehrfachen Paralympics-Siegerin Kirsten Bruhn in der 100&#215;100 Meter Inklusionsstaffel am 9. Juli in Meiningen zu einem Weltrekord zu schwimmen, ist gro\u00df! Also nutzt sie und macht mit! Interessiert ab einem GdB von 30 melden sich bitte bis zum 3.7. bei Sandy unter der Mailadresse fit@svwasserfreunde.de &#8230; Es geht dabei nicht um die schnellste Zeit, sondern um die Teilnahme und den Spa\u00df an der gemeinsamen Bewegung und dem gemeinsamen Ziel.<\/p>\n\n\n\n<p>Nach zwei Jahren Corona-Sonderformat l\u00e4dt das Meininger 24-Stunden-Schwimmen am 9. und 10. Juli wieder gro\u00dfe und kleine Wasserratten zum klassischen Wettbewerb ein, und zwar zum 25. Mal. Die Veranstalter aus den Reihen der Meininger Wasserfreunde und dem B\u00e4derteam der Meininger Stadtwerke haben sich f\u00fcr das Jubil\u00e4um wieder ein besonderes Highlight ausgedacht. Mit einer 100&#215;100 Meter Inklusionsstaffel wollen sie einen Weltrekord aufstellen damit unter anderem das Thema Inklusion im Sport in den Fokus setzen. Bei der Staffel starten abwechselnd je 50 Teilnehmende mit und ohne Handicap. \u201eWenn alles klappt, haben wir am 9. Juli 100 Weltrekordler im Meininger Wasser\u201c, freut sich Cheforganisator Michael Brenz. Als Schirmherrin konnte die mehrfache Paralympics Siegerin Kirsten Bruhn gewonnen werden, die 2004 in Athen, 2008 in Peking und 2012 in London \u00fcber 100 Meter Brust zu Gold schwamm.<\/p>\n\n\n\n<figure class=\"wp-block-image size-full\"><img loading=\"lazy\" decoding=\"async\" width=\"939\" height=\"625\" src=\"https:\/\/24-stunden-schwimmen.de\/wp-content\/uploads\/2022\/06\/2022_24h_Kristen_Bruhn.jpg\" alt=\"\" class=\"wp-image-514\" srcset=\"https:\/\/24-stunden-schwimmen.de\/wp-content\/uploads\/2022\/06\/2022_24h_Kristen_Bruhn.jpg 939w, https:\/\/24-stunden-schwimmen.de\/wp-content\/uploads\/2022\/06\/2022_24h_Kristen_Bruhn-300x200.jpg 300w, https:\/\/24-stunden-schwimmen.de\/wp-content\/uploads\/2022\/06\/2022_24h_Kristen_Bruhn-768x511.jpg 768w\" sizes=\"auto, (max-width: 939px) 100vw, 939px\" \/><\/figure>\n\n\n\n<figure class=\"wp-block-pullquote\"><blockquote><p>\u201eBewegung ist so wichtig und in Gesellschaft macht es nochmal mehr Spa\u00df. Zusammen in Vielfalt Spa\u00df, Bewegung und ein Ziel zu haben, ist das Beste \u00fcberhaupt. Deshalb unterst\u00fctze ich Inklusion. Denn ob ein Jeder oder Jede ein Teil dieser Gesellschaft sein m\u00f6chte und wie dieses Teil gelebt und weiterentwickelt wird, sollte jeder selber entscheiden k\u00f6nnen.\u201c<br><\/p><cite>Paralympics Siegerin und Schirmherrin Kristen Bruhn<\/cite><\/blockquote><\/figure>\n\n\n\n<p>Bisher stehen ungef\u00e4hr 55 Staffelstartende in der Anmeldeliste, davon neben Kirsten Bruhn weitere 24 mit Handicap. Noch fehlen also 25! Deswegen suchen die Meininger Wasserfreunde noch h\u00e4nderingend nach Teilnehmenden, die mit einem GdB von 30 und mehr Teil dieser Weltrekordstaffel werden wollen. Die Staffel startet am 9. Juli um 16 Uhr im Meininger Freizeitzentrum Rohrer Stirn. Interessierte k\u00f6nnen sich per Mail mit Angabe der Kontaktdaten unter fit@svwasserfreunde.de melden. Die komplette Ausschreibung zur Inklusionsstaffel gibt es <a href=\"https:\/\/24-stunden-schwimmen.de\/?p=434\">HIER zum Download<\/a>.<\/p>\n","protected":false},"excerpt":{"rendered":"<p>Die Chance, gemeinsam mit der mehrfachen Paralympics-Siegerin Kirsten Bruhn in der 100&#215;100 Meter Inklusionsstaffel am 9. Juli in Meiningen zu einem Weltrekord zu schwimmen, ist gro\u00df! Also nutzt sie und macht mit! Interessiert ab einem GdB von 30 melden sich &hellip; <a href=\"https:\/\/24-stunden-schwimmen.de\/?p=512\">Weiter<\/a><\/p>\n","protected":false},"author":3,"featured_media":516,"comment_status":"closed","ping_status":"closed","sticky":false,"template":"","format":"standard","meta":{"_eb_attr":"","kt_blocks_editor_width":"","footnotes":""},"categories":[1],"tags":[],"class_list":["post-512","post","type-post","status-publish","format-standard","has-post-thumbnail","hentry","category-uncategorized"],"yoast_head":"<!-- This site is optimized with the Yoast SEO plugin v27.5 - https:\/\/yoast.com\/product\/yoast-seo-wordpress\/ -->\n<title>Gemeinsam zum Weltrekord! - Das Meininger 24-Stunden-Schwimmen<\/title>\n<meta name=\"robots\" content=\"index, follow, max-snippet:-1, max-image-preview:large, max-video-preview:-1\" \/>\n<link rel=\"canonical\" href=\"https:\/\/24-stunden-schwimmen.de\/?p=512\" \/>\n<meta property=\"og:locale\" content=\"de_DE\" \/>\n<meta property=\"og:type\" content=\"article\" \/>\n<meta property=\"og:title\" content=\"Gemeinsam zum Weltrekord! - Das Meininger 24-Stunden-Schwimmen\" \/>\n<meta property=\"og:description\" content=\"Die Chance, gemeinsam mit der mehrfachen Paralympics-Siegerin Kirsten Bruhn in der 100&#215;100 Meter Inklusionsstaffel am 9. Juli in Meiningen zu einem Weltrekord zu schwimmen, ist gro\u00df! Also nutzt sie und macht mit! Interessiert ab einem GdB von 30 melden sich &hellip; Weiter\" \/>\n<meta property=\"og:url\" content=\"https:\/\/24-stunden-schwimmen.de\/?p=512\" \/>\n<meta property=\"og:site_name\" content=\"Das Meininger 24-Stunden-Schwimmen\" \/>\n<meta property=\"article:publisher\" content=\"https:\/\/www.facebook.com\/Meininger24StundenSchwimmen\" \/>\n<meta property=\"article:published_time\" content=\"2022-06-27T21:03:12+00:00\" \/>\n<meta property=\"article:modified_time\" content=\"2022-06-27T21:06:53+00:00\" \/>\n<meta property=\"og:image\" content=\"https:\/\/24-stunden-schwimmen.de\/wp-content\/uploads\/2022\/06\/2022_24h_Kristen_Bruhn_FB.jpg\" \/>\n\t<meta property=\"og:image:width\" content=\"725\" \/>\n\t<meta property=\"og:image:height\" content=\"725\" \/>\n\t<meta property=\"og:image:type\" content=\"image\/jpeg\" \/>\n<meta name=\"author\" content=\"Dirk Bradschetl\" \/>\n<meta name=\"twitter:card\" content=\"summary_large_image\" \/>\n<meta name=\"twitter:label1\" content=\"Verfasst von\" \/>\n\t<meta name=\"twitter:data1\" content=\"Dirk Bradschetl\" \/>\n\t<meta name=\"twitter:label2\" content=\"Gesch\u00e4tzte Lesezeit\" \/>\n\t<meta name=\"twitter:data2\" content=\"3\u00a0Minuten\" \/>\n<script type=\"application\/ld+json\" class=\"yoast-schema-graph\">{\"@context\":\"https:\\\/\\\/schema.org\",\"@graph\":[{\"@type\":\"Article\",\"@id\":\"https:\\\/\\\/24-stunden-schwimmen.de\\\/?p=512#article\",\"isPartOf\":{\"@id\":\"https:\\\/\\\/24-stunden-schwimmen.de\\\/?p=512\"},\"author\":{\"name\":\"Dirk Bradschetl\",\"@id\":\"https:\\\/\\\/24-stunden-schwimmen.de\\\/#\\\/schema\\\/person\\\/c49719a77f078e117efa20f756da9e24\"},\"headline\":\"Gemeinsam zum Weltrekord!\",\"datePublished\":\"2022-06-27T21:03:12+00:00\",\"dateModified\":\"2022-06-27T21:06:53+00:00\",\"mainEntityOfPage\":{\"@id\":\"https:\\\/\\\/24-stunden-schwimmen.de\\\/?p=512\"},\"wordCount\":343,\"publisher\":{\"@id\":\"https:\\\/\\\/24-stunden-schwimmen.de\\\/#organization\"},\"image\":{\"@id\":\"https:\\\/\\\/24-stunden-schwimmen.de\\\/?p=512#primaryimage\"},\"thumbnailUrl\":\"https:\\\/\\\/24-stunden-schwimmen.de\\\/wp-content\\\/uploads\\\/2022\\\/06\\\/2022_24h_Kristen_Bruhn_FB.jpg\",\"articleSection\":[\"Uncategorized\"],\"inLanguage\":\"de\"},{\"@type\":\"WebPage\",\"@id\":\"https:\\\/\\\/24-stunden-schwimmen.de\\\/?p=512\",\"url\":\"https:\\\/\\\/24-stunden-schwimmen.de\\\/?p=512\",\"name\":\"Gemeinsam zum Weltrekord! - Das Meininger 24-Stunden-Schwimmen\",\"isPartOf\":{\"@id\":\"https:\\\/\\\/24-stunden-schwimmen.de\\\/#website\"},\"primaryImageOfPage\":{\"@id\":\"https:\\\/\\\/24-stunden-schwimmen.de\\\/?p=512#primaryimage\"},\"image\":{\"@id\":\"https:\\\/\\\/24-stunden-schwimmen.de\\\/?p=512#primaryimage\"},\"thumbnailUrl\":\"https:\\\/\\\/24-stunden-schwimmen.de\\\/wp-content\\\/uploads\\\/2022\\\/06\\\/2022_24h_Kristen_Bruhn_FB.jpg\",\"datePublished\":\"2022-06-27T21:03:12+00:00\",\"dateModified\":\"2022-06-27T21:06:53+00:00\",\"breadcrumb\":{\"@id\":\"https:\\\/\\\/24-stunden-schwimmen.de\\\/?p=512#breadcrumb\"},\"inLanguage\":\"de\",\"potentialAction\":[{\"@type\":\"ReadAction\",\"target\":[\"https:\\\/\\\/24-stunden-schwimmen.de\\\/?p=512\"]}]},{\"@type\":\"ImageObject\",\"inLanguage\":\"de\",\"@id\":\"https:\\\/\\\/24-stunden-schwimmen.de\\\/?p=512#primaryimage\",\"url\":\"https:\\\/\\\/24-stunden-schwimmen.de\\\/wp-content\\\/uploads\\\/2022\\\/06\\\/2022_24h_Kristen_Bruhn_FB.jpg\",\"contentUrl\":\"https:\\\/\\\/24-stunden-schwimmen.de\\\/wp-content\\\/uploads\\\/2022\\\/06\\\/2022_24h_Kristen_Bruhn_FB.jpg\",\"width\":725,\"height\":725},{\"@type\":\"BreadcrumbList\",\"@id\":\"https:\\\/\\\/24-stunden-schwimmen.de\\\/?p=512#breadcrumb\",\"itemListElement\":[{\"@type\":\"ListItem\",\"position\":1,\"name\":\"Startseite\",\"item\":\"https:\\\/\\\/24-stunden-schwimmen.de\\\/\"},{\"@type\":\"ListItem\",\"position\":2,\"name\":\"Gemeinsam zum Weltrekord!\"}]},{\"@type\":\"WebSite\",\"@id\":\"https:\\\/\\\/24-stunden-schwimmen.de\\\/#website\",\"url\":\"https:\\\/\\\/24-stunden-schwimmen.de\\\/\",\"name\":\"Das Meininger 24-Stunden-Schwimmen\",\"description\":\"Der Schwimmklassiker in Meiningen (Th\u00fcringen)\",\"publisher\":{\"@id\":\"https:\\\/\\\/24-stunden-schwimmen.de\\\/#organization\"},\"potentialAction\":[{\"@type\":\"SearchAction\",\"target\":{\"@type\":\"EntryPoint\",\"urlTemplate\":\"https:\\\/\\\/24-stunden-schwimmen.de\\\/?s={search_term_string}\"},\"query-input\":{\"@type\":\"PropertyValueSpecification\",\"valueRequired\":true,\"valueName\":\"search_term_string\"}}],\"inLanguage\":\"de\"},{\"@type\":\"Organization\",\"@id\":\"https:\\\/\\\/24-stunden-schwimmen.de\\\/#organization\",\"name\":\"Meininger Schwimmverein \\\"Wasserfreunde\\\" e.V.\",\"url\":\"https:\\\/\\\/24-stunden-schwimmen.de\\\/\",\"logo\":{\"@type\":\"ImageObject\",\"inLanguage\":\"de\",\"@id\":\"https:\\\/\\\/24-stunden-schwimmen.de\\\/#\\\/schema\\\/logo\\\/image\\\/\",\"url\":\"https:\\\/\\\/24-stunden-schwimmen.de\\\/wp-content\\\/uploads\\\/2023\\\/06\\\/24h-Logo.webp\",\"contentUrl\":\"https:\\\/\\\/24-stunden-schwimmen.de\\\/wp-content\\\/uploads\\\/2023\\\/06\\\/24h-Logo.webp\",\"width\":320,\"height\":330,\"caption\":\"Meininger Schwimmverein \\\"Wasserfreunde\\\" e.V.\"},\"image\":{\"@id\":\"https:\\\/\\\/24-stunden-schwimmen.de\\\/#\\\/schema\\\/logo\\\/image\\\/\"},\"sameAs\":[\"https:\\\/\\\/www.facebook.com\\\/Meininger24StundenSchwimmen\",\"https:\\\/\\\/www.instagram.com\\\/svwasserfreunde\\\/\",\"https:\\\/\\\/www.youtube.com\\\/channel\\\/UC6X4rRlZrgOI3k-11MJbr6A\\\/featured\"]},{\"@type\":\"Person\",\"@id\":\"https:\\\/\\\/24-stunden-schwimmen.de\\\/#\\\/schema\\\/person\\\/c49719a77f078e117efa20f756da9e24\",\"name\":\"Dirk Bradschetl\",\"image\":{\"@type\":\"ImageObject\",\"inLanguage\":\"de\",\"@id\":\"https:\\\/\\\/secure.gravatar.com\\\/avatar\\\/6e243aed87ea9fe28d2ee9c0fde412bffaff3ac500cb85433a9c5cbd2ffabad7?s=96&d=mm&r=g\",\"url\":\"https:\\\/\\\/secure.gravatar.com\\\/avatar\\\/6e243aed87ea9fe28d2ee9c0fde412bffaff3ac500cb85433a9c5cbd2ffabad7?s=96&d=mm&r=g\",\"contentUrl\":\"https:\\\/\\\/secure.gravatar.com\\\/avatar\\\/6e243aed87ea9fe28d2ee9c0fde412bffaff3ac500cb85433a9c5cbd2ffabad7?s=96&d=mm&r=g\",\"caption\":\"Dirk Bradschetl\"},\"url\":\"https:\\\/\\\/24-stunden-schwimmen.de\\\/?author=3\"}]}<\/script>\n<!-- \/ Yoast SEO plugin. -->","yoast_head_json":{"title":"Gemeinsam zum Weltrekord! - Das Meininger 24-Stunden-Schwimmen","robots":{"index":"index","follow":"follow","max-snippet":"max-snippet:-1","max-image-preview":"max-image-preview:large","max-video-preview":"max-video-preview:-1"},"canonical":"https:\/\/24-stunden-schwimmen.de\/?p=512","og_locale":"de_DE","og_type":"article","og_title":"Gemeinsam zum Weltrekord! - Das Meininger 24-Stunden-Schwimmen","og_description":"Die Chance, gemeinsam mit der mehrfachen Paralympics-Siegerin Kirsten Bruhn in der 100&#215;100 Meter Inklusionsstaffel am 9. Juli in Meiningen zu einem Weltrekord zu schwimmen, ist gro\u00df! Also nutzt sie und macht mit! Interessiert ab einem GdB von 30 melden sich &hellip; Weiter","og_url":"https:\/\/24-stunden-schwimmen.de\/?p=512","og_site_name":"Das Meininger 24-Stunden-Schwimmen","article_publisher":"https:\/\/www.facebook.com\/Meininger24StundenSchwimmen","article_published_time":"2022-06-27T21:03:12+00:00","article_modified_time":"2022-06-27T21:06:53+00:00","og_image":[{"width":725,"height":725,"url":"https:\/\/24-stunden-schwimmen.de\/wp-content\/uploads\/2022\/06\/2022_24h_Kristen_Bruhn_FB.jpg","type":"image\/jpeg"}],"author":"Dirk Bradschetl","twitter_card":"summary_large_image","twitter_misc":{"Verfasst von":"Dirk Bradschetl","Gesch\u00e4tzte Lesezeit":"3\u00a0Minuten"},"schema":{"@context":"https:\/\/schema.org","@graph":[{"@type":"Article","@id":"https:\/\/24-stunden-schwimmen.de\/?p=512#article","isPartOf":{"@id":"https:\/\/24-stunden-schwimmen.de\/?p=512"},"author":{"name":"Dirk Bradschetl","@id":"https:\/\/24-stunden-schwimmen.de\/#\/schema\/person\/c49719a77f078e117efa20f756da9e24"},"headline":"Gemeinsam zum Weltrekord!","datePublished":"2022-06-27T21:03:12+00:00","dateModified":"2022-06-27T21:06:53+00:00","mainEntityOfPage":{"@id":"https:\/\/24-stunden-schwimmen.de\/?p=512"},"wordCount":343,"publisher":{"@id":"https:\/\/24-stunden-schwimmen.de\/#organization"},"image":{"@id":"https:\/\/24-stunden-schwimmen.de\/?p=512#primaryimage"},"thumbnailUrl":"https:\/\/24-stunden-schwimmen.de\/wp-content\/uploads\/2022\/06\/2022_24h_Kristen_Bruhn_FB.jpg","articleSection":["Uncategorized"],"inLanguage":"de"},{"@type":"WebPage","@id":"https:\/\/24-stunden-schwimmen.de\/?p=512","url":"https:\/\/24-stunden-schwimmen.de\/?p=512","name":"Gemeinsam zum Weltrekord! - Das Meininger 24-Stunden-Schwimmen","isPartOf":{"@id":"https:\/\/24-stunden-schwimmen.de\/#website"},"primaryImageOfPage":{"@id":"https:\/\/24-stunden-schwimmen.de\/?p=512#primaryimage"},"image":{"@id":"https:\/\/24-stunden-schwimmen.de\/?p=512#primaryimage"},"thumbnailUrl":"https:\/\/24-stunden-schwimmen.de\/wp-content\/uploads\/2022\/06\/2022_24h_Kristen_Bruhn_FB.jpg","datePublished":"2022-06-27T21:03:12+00:00","dateModified":"2022-06-27T21:06:53+00:00","breadcrumb":{"@id":"https:\/\/24-stunden-schwimmen.de\/?p=512#breadcrumb"},"inLanguage":"de","potentialAction":[{"@type":"ReadAction","target":["https:\/\/24-stunden-schwimmen.de\/?p=512"]}]},{"@type":"ImageObject","inLanguage":"de","@id":"https:\/\/24-stunden-schwimmen.de\/?p=512#primaryimage","url":"https:\/\/24-stunden-schwimmen.de\/wp-content\/uploads\/2022\/06\/2022_24h_Kristen_Bruhn_FB.jpg","contentUrl":"https:\/\/24-stunden-schwimmen.de\/wp-content\/uploads\/2022\/06\/2022_24h_Kristen_Bruhn_FB.jpg","width":725,"height":725},{"@type":"BreadcrumbList","@id":"https:\/\/24-stunden-schwimmen.de\/?p=512#breadcrumb","itemListElement":[{"@type":"ListItem","position":1,"name":"Startseite","item":"https:\/\/24-stunden-schwimmen.de\/"},{"@type":"ListItem","position":2,"name":"Gemeinsam zum Weltrekord!"}]},{"@type":"WebSite","@id":"https:\/\/24-stunden-schwimmen.de\/#website","url":"https:\/\/24-stunden-schwimmen.de\/","name":"Das Meininger 24-Stunden-Schwimmen","description":"Der Schwimmklassiker in Meiningen (Th\u00fcringen)","publisher":{"@id":"https:\/\/24-stunden-schwimmen.de\/#organization"},"potentialAction":[{"@type":"SearchAction","target":{"@type":"EntryPoint","urlTemplate":"https:\/\/24-stunden-schwimmen.de\/?s={search_term_string}"},"query-input":{"@type":"PropertyValueSpecification","valueRequired":true,"valueName":"search_term_string"}}],"inLanguage":"de"},{"@type":"Organization","@id":"https:\/\/24-stunden-schwimmen.de\/#organization","name":"Meininger Schwimmverein \"Wasserfreunde\" e.V.","url":"https:\/\/24-stunden-schwimmen.de\/","logo":{"@type":"ImageObject","inLanguage":"de","@id":"https:\/\/24-stunden-schwimmen.de\/#\/schema\/logo\/image\/","url":"https:\/\/24-stunden-schwimmen.de\/wp-content\/uploads\/2023\/06\/24h-Logo.webp","contentUrl":"https:\/\/24-stunden-schwimmen.de\/wp-content\/uploads\/2023\/06\/24h-Logo.webp","width":320,"height":330,"caption":"Meininger Schwimmverein \"Wasserfreunde\" e.V."},"image":{"@id":"https:\/\/24-stunden-schwimmen.de\/#\/schema\/logo\/image\/"},"sameAs":["https:\/\/www.facebook.com\/Meininger24StundenSchwimmen","https:\/\/www.instagram.com\/svwasserfreunde\/","https:\/\/www.youtube.com\/channel\/UC6X4rRlZrgOI3k-11MJbr6A\/featured"]},{"@type":"Person","@id":"https:\/\/24-stunden-schwimmen.de\/#\/schema\/person\/c49719a77f078e117efa20f756da9e24","name":"Dirk Bradschetl","image":{"@type":"ImageObject","inLanguage":"de","@id":"https:\/\/secure.gravatar.com\/avatar\/6e243aed87ea9fe28d2ee9c0fde412bffaff3ac500cb85433a9c5cbd2ffabad7?s=96&d=mm&r=g","url":"https:\/\/secure.gravatar.com\/avatar\/6e243aed87ea9fe28d2ee9c0fde412bffaff3ac500cb85433a9c5cbd2ffabad7?s=96&d=mm&r=g","contentUrl":"https:\/\/secure.gravatar.com\/avatar\/6e243aed87ea9fe28d2ee9c0fde412bffaff3ac500cb85433a9c5cbd2ffabad7?s=96&d=mm&r=g","caption":"Dirk Bradschetl"},"url":"https:\/\/24-stunden-schwimmen.de\/?author=3"}]}},"_links":{"self":[{"href":"https:\/\/24-stunden-schwimmen.de\/index.php?rest_route=\/wp\/v2\/posts\/512","targetHints":{"allow":["GET"]}}],"collection":[{"href":"https:\/\/24-stunden-schwimmen.de\/index.php?rest_route=\/wp\/v2\/posts"}],"about":[{"href":"https:\/\/24-stunden-schwimmen.de\/index.php?rest_route=\/wp\/v2\/types\/post"}],"author":[{"embeddable":true,"href":"https:\/\/24-stunden-schwimmen.de\/index.php?rest_route=\/wp\/v2\/users\/3"}],"replies":[{"embeddable":true,"href":"https:\/\/24-stunden-schwimmen.de\/index.php?rest_route=%2Fwp%2Fv2%2Fcomments&post=512"}],"version-history":[{"count":4,"href":"https:\/\/24-stunden-schwimmen.de\/index.php?rest_route=\/wp\/v2\/posts\/512\/revisions"}],"predecessor-version":[{"id":520,"href":"https:\/\/24-stunden-schwimmen.de\/index.php?rest_route=\/wp\/v2\/posts\/512\/revisions\/520"}],"wp:featuredmedia":[{"embeddable":true,"href":"https:\/\/24-stunden-schwimmen.de\/index.php?rest_route=\/wp\/v2\/media\/516"}],"wp:attachment":[{"href":"https:\/\/24-stunden-schwimmen.de\/index.php?rest_route=%2Fwp%2Fv2%2Fmedia&parent=512"}],"wp:term":[{"taxonomy":"category","embeddable":true,"href":"https:\/\/24-stunden-schwimmen.de\/index.php?rest_route=%2Fwp%2Fv2%2Fcategories&post=512"},{"taxonomy":"post_tag","embeddable":true,"href":"https:\/\/24-stunden-schwimmen.de\/index.php?rest_route=%2Fwp%2Fv2%2Ftags&post=512"}],"curies":[{"name":"wp","href":"https:\/\/api.w.org\/{rel}","templated":true}]}}