{"id":388,"date":"2022-01-23T23:43:00","date_gmt":"2022-01-23T21:43:00","guid":{"rendered":"https:\/\/24-stunden-schwimmen.de\/?p=388"},"modified":"2022-01-23T23:48:05","modified_gmt":"2022-01-23T21:48:05","slug":"der-termin-2022-steht","status":"publish","type":"post","link":"https:\/\/24-stunden-schwimmen.de\/?p=388","title":{"rendered":"Der Termin 2022 steht"},"content":{"rendered":"\n<p><strong>25. Meininger 24-Stunden-Schwimmen am 9.\/10. Juli 2022 im Meininger Freizeitzentrum &#8222;Rohrer Stirn&#8220;.<\/strong><\/p>\n\n\n\n<p>In nicht einmal 170 Tagen wollen HaiNo und wir mit euch wieder das Meininger Wasser rocken, und zwar bei der 25. Auflage des Meininger 24-Stunden-Schwimmen. Am 9. Juli 2022 f\u00e4llt um 14 Uhr der Startschuss und am 10. Juli 2022 wird nach 14 Uhr zur Siegerehrung gerufen. Alle gro\u00dfen und kleinen Wasserratten die 50 Meter und mehr im Wasser schaffen, sollten sich diesen Termin vormerken. Ihr seid herzlich eingeladen! Es ist die besondere Mischung aus Breitensport und Extremsport, die besondere Mischung aus Wettkampf und Unterhaltung, die besondere Mischung aus Sport und Spa\u00df, die den Meininger Schwimmklassiker weit \u00fcber die Stadt-, Kreis- und Landesgrenzen hinaus bekannt und beliebt gemacht hat. Wer schon einmal dabei war, wird sicher wiederkommen und wer noch nicht dabei war, sollte zum Jubil\u00e4um seine Premiere feiern. Heute hat das ORG-Team die Vorbereitung daf\u00fcr begonnen. Da auch wir nicht in die Glaskugel schauen k\u00f6nnen, gehen wir davon aus, dass wir am 9. und 10.7.2022 mit euch bewegende 24 Stunden in Meiningen feiern k\u00f6nnen &#8230; alles andere passen wir bei Bedarf an. Mehr Infos folgen. Wir freuen uns auf euch!<\/p>\n\n\n\n<figure class=\"wp-block-image size-large\"><img loading=\"lazy\" decoding=\"async\" width=\"1024\" height=\"617\" src=\"https:\/\/24-stunden-schwimmen.de\/wp-content\/uploads\/2022\/01\/2022_24h_Jubilaeum-1024x617.jpg\" alt=\"\" class=\"wp-image-391\"\/><\/figure>\n\n\n\n<p><\/p>\n","protected":false},"excerpt":{"rendered":"<p>25. Meininger 24-Stunden-Schwimmen am 9.\/10. Juli 2022 im Meininger Freizeitzentrum &#8222;Rohrer Stirn&#8220;. In nicht einmal 170 Tagen wollen HaiNo und wir mit euch wieder das Meininger Wasser rocken, und zwar bei der 25. Auflage des Meininger 24-Stunden-Schwimmen. Am 9. Juli &hellip; <a href=\"https:\/\/24-stunden-schwimmen.de\/?p=388\">Weiter<\/a><\/p>\n","protected":false},"author":3,"featured_media":391,"comment_status":"closed","ping_status":"closed","sticky":false,"template":"","format":"standard","meta":{"_eb_attr":"","kt_blocks_editor_width":"","footnotes":""},"categories":[1],"tags":[],"class_list":["post-388","post","type-post","status-publish","format-standard","has-post-thumbnail","hentry","category-uncategorized"],"yoast_head":"<!-- This site is optimized with the Yoast SEO plugin v27.5 - https:\/\/yoast.com\/product\/yoast-seo-wordpress\/ -->\n<title>Der Termin 2022 steht - Das Meininger 24-Stunden-Schwimmen<\/title>\n<meta name=\"robots\" content=\"index, follow, max-snippet:-1, max-image-preview:large, max-video-preview:-1\" \/>\n<link rel=\"canonical\" href=\"https:\/\/24-stunden-schwimmen.de\/?p=388\" \/>\n<meta property=\"og:locale\" content=\"de_DE\" \/>\n<meta property=\"og:type\" content=\"article\" \/>\n<meta property=\"og:title\" content=\"Der Termin 2022 steht - Das Meininger 24-Stunden-Schwimmen\" \/>\n<meta property=\"og:description\" content=\"25. Meininger 24-Stunden-Schwimmen am 9.\/10. Juli 2022 im Meininger Freizeitzentrum &#8222;Rohrer Stirn&#8220;. In nicht einmal 170 Tagen wollen HaiNo und wir mit euch wieder das Meininger Wasser rocken, und zwar bei der 25. Auflage des Meininger 24-Stunden-Schwimmen. Am 9. Juli &hellip; Weiter\" \/>\n<meta property=\"og:url\" content=\"https:\/\/24-stunden-schwimmen.de\/?p=388\" \/>\n<meta property=\"og:site_name\" content=\"Das Meininger 24-Stunden-Schwimmen\" \/>\n<meta property=\"article:publisher\" content=\"https:\/\/www.facebook.com\/Meininger24StundenSchwimmen\" \/>\n<meta property=\"article:published_time\" content=\"2022-01-23T21:43:00+00:00\" \/>\n<meta property=\"article:modified_time\" content=\"2022-01-23T21:48:05+00:00\" \/>\n<meta property=\"og:image\" content=\"https:\/\/24-stunden-schwimmen.de\/wp-content\/uploads\/2022\/01\/2022_24h_Jubilaeum-scaled-e1642974315213.jpg\" \/>\n\t<meta property=\"og:image:width\" content=\"1200\" \/>\n\t<meta property=\"og:image:height\" content=\"723\" \/>\n\t<meta property=\"og:image:type\" content=\"image\/jpeg\" \/>\n<meta name=\"author\" content=\"Dirk Bradschetl\" \/>\n<meta name=\"twitter:card\" content=\"summary_large_image\" \/>\n<meta name=\"twitter:label1\" content=\"Verfasst von\" \/>\n\t<meta name=\"twitter:data1\" content=\"Dirk Bradschetl\" \/>\n\t<meta name=\"twitter:label2\" content=\"Gesch\u00e4tzte Lesezeit\" \/>\n\t<meta name=\"twitter:data2\" content=\"2\u00a0Minuten\" \/>\n<script type=\"application\/ld+json\" class=\"yoast-schema-graph\">{\"@context\":\"https:\\\/\\\/schema.org\",\"@graph\":[{\"@type\":\"Article\",\"@id\":\"https:\\\/\\\/24-stunden-schwimmen.de\\\/?p=388#article\",\"isPartOf\":{\"@id\":\"https:\\\/\\\/24-stunden-schwimmen.de\\\/?p=388\"},\"author\":{\"name\":\"Dirk Bradschetl\",\"@id\":\"https:\\\/\\\/24-stunden-schwimmen.de\\\/#\\\/schema\\\/person\\\/c49719a77f078e117efa20f756da9e24\"},\"headline\":\"Der Termin 2022 steht\",\"datePublished\":\"2022-01-23T21:43:00+00:00\",\"dateModified\":\"2022-01-23T21:48:05+00:00\",\"mainEntityOfPage\":{\"@id\":\"https:\\\/\\\/24-stunden-schwimmen.de\\\/?p=388\"},\"wordCount\":186,\"publisher\":{\"@id\":\"https:\\\/\\\/24-stunden-schwimmen.de\\\/#organization\"},\"image\":{\"@id\":\"https:\\\/\\\/24-stunden-schwimmen.de\\\/?p=388#primaryimage\"},\"thumbnailUrl\":\"https:\\\/\\\/24-stunden-schwimmen.de\\\/wp-content\\\/uploads\\\/2022\\\/01\\\/2022_24h_Jubilaeum-scaled-e1642974315213.jpg\",\"articleSection\":[\"Uncategorized\"],\"inLanguage\":\"de\"},{\"@type\":\"WebPage\",\"@id\":\"https:\\\/\\\/24-stunden-schwimmen.de\\\/?p=388\",\"url\":\"https:\\\/\\\/24-stunden-schwimmen.de\\\/?p=388\",\"name\":\"Der Termin 2022 steht - Das Meininger 24-Stunden-Schwimmen\",\"isPartOf\":{\"@id\":\"https:\\\/\\\/24-stunden-schwimmen.de\\\/#website\"},\"primaryImageOfPage\":{\"@id\":\"https:\\\/\\\/24-stunden-schwimmen.de\\\/?p=388#primaryimage\"},\"image\":{\"@id\":\"https:\\\/\\\/24-stunden-schwimmen.de\\\/?p=388#primaryimage\"},\"thumbnailUrl\":\"https:\\\/\\\/24-stunden-schwimmen.de\\\/wp-content\\\/uploads\\\/2022\\\/01\\\/2022_24h_Jubilaeum-scaled-e1642974315213.jpg\",\"datePublished\":\"2022-01-23T21:43:00+00:00\",\"dateModified\":\"2022-01-23T21:48:05+00:00\",\"breadcrumb\":{\"@id\":\"https:\\\/\\\/24-stunden-schwimmen.de\\\/?p=388#breadcrumb\"},\"inLanguage\":\"de\",\"potentialAction\":[{\"@type\":\"ReadAction\",\"target\":[\"https:\\\/\\\/24-stunden-schwimmen.de\\\/?p=388\"]}]},{\"@type\":\"ImageObject\",\"inLanguage\":\"de\",\"@id\":\"https:\\\/\\\/24-stunden-schwimmen.de\\\/?p=388#primaryimage\",\"url\":\"https:\\\/\\\/24-stunden-schwimmen.de\\\/wp-content\\\/uploads\\\/2022\\\/01\\\/2022_24h_Jubilaeum-scaled-e1642974315213.jpg\",\"contentUrl\":\"https:\\\/\\\/24-stunden-schwimmen.de\\\/wp-content\\\/uploads\\\/2022\\\/01\\\/2022_24h_Jubilaeum-scaled-e1642974315213.jpg\",\"width\":1200,\"height\":723},{\"@type\":\"BreadcrumbList\",\"@id\":\"https:\\\/\\\/24-stunden-schwimmen.de\\\/?p=388#breadcrumb\",\"itemListElement\":[{\"@type\":\"ListItem\",\"position\":1,\"name\":\"Startseite\",\"item\":\"https:\\\/\\\/24-stunden-schwimmen.de\\\/\"},{\"@type\":\"ListItem\",\"position\":2,\"name\":\"Der Termin 2022 steht\"}]},{\"@type\":\"WebSite\",\"@id\":\"https:\\\/\\\/24-stunden-schwimmen.de\\\/#website\",\"url\":\"https:\\\/\\\/24-stunden-schwimmen.de\\\/\",\"name\":\"Das Meininger 24-Stunden-Schwimmen\",\"description\":\"Der Schwimmklassiker in Meiningen (Th\u00fcringen)\",\"publisher\":{\"@id\":\"https:\\\/\\\/24-stunden-schwimmen.de\\\/#organization\"},\"potentialAction\":[{\"@type\":\"SearchAction\",\"target\":{\"@type\":\"EntryPoint\",\"urlTemplate\":\"https:\\\/\\\/24-stunden-schwimmen.de\\\/?s={search_term_string}\"},\"query-input\":{\"@type\":\"PropertyValueSpecification\",\"valueRequired\":true,\"valueName\":\"search_term_string\"}}],\"inLanguage\":\"de\"},{\"@type\":\"Organization\",\"@id\":\"https:\\\/\\\/24-stunden-schwimmen.de\\\/#organization\",\"name\":\"Meininger Schwimmverein \\\"Wasserfreunde\\\" e.V.\",\"url\":\"https:\\\/\\\/24-stunden-schwimmen.de\\\/\",\"logo\":{\"@type\":\"ImageObject\",\"inLanguage\":\"de\",\"@id\":\"https:\\\/\\\/24-stunden-schwimmen.de\\\/#\\\/schema\\\/logo\\\/image\\\/\",\"url\":\"https:\\\/\\\/24-stunden-schwimmen.de\\\/wp-content\\\/uploads\\\/2023\\\/06\\\/24h-Logo.webp\",\"contentUrl\":\"https:\\\/\\\/24-stunden-schwimmen.de\\\/wp-content\\\/uploads\\\/2023\\\/06\\\/24h-Logo.webp\",\"width\":320,\"height\":330,\"caption\":\"Meininger Schwimmverein \\\"Wasserfreunde\\\" e.V.\"},\"image\":{\"@id\":\"https:\\\/\\\/24-stunden-schwimmen.de\\\/#\\\/schema\\\/logo\\\/image\\\/\"},\"sameAs\":[\"https:\\\/\\\/www.facebook.com\\\/Meininger24StundenSchwimmen\",\"https:\\\/\\\/www.instagram.com\\\/svwasserfreunde\\\/\",\"https:\\\/\\\/www.youtube.com\\\/channel\\\/UC6X4rRlZrgOI3k-11MJbr6A\\\/featured\"]},{\"@type\":\"Person\",\"@id\":\"https:\\\/\\\/24-stunden-schwimmen.de\\\/#\\\/schema\\\/person\\\/c49719a77f078e117efa20f756da9e24\",\"name\":\"Dirk Bradschetl\",\"image\":{\"@type\":\"ImageObject\",\"inLanguage\":\"de\",\"@id\":\"https:\\\/\\\/secure.gravatar.com\\\/avatar\\\/6e243aed87ea9fe28d2ee9c0fde412bffaff3ac500cb85433a9c5cbd2ffabad7?s=96&d=mm&r=g\",\"url\":\"https:\\\/\\\/secure.gravatar.com\\\/avatar\\\/6e243aed87ea9fe28d2ee9c0fde412bffaff3ac500cb85433a9c5cbd2ffabad7?s=96&d=mm&r=g\",\"contentUrl\":\"https:\\\/\\\/secure.gravatar.com\\\/avatar\\\/6e243aed87ea9fe28d2ee9c0fde412bffaff3ac500cb85433a9c5cbd2ffabad7?s=96&d=mm&r=g\",\"caption\":\"Dirk Bradschetl\"},\"url\":\"https:\\\/\\\/24-stunden-schwimmen.de\\\/?author=3\"}]}<\/script>\n<!-- \/ Yoast SEO plugin. -->","yoast_head_json":{"title":"Der Termin 2022 steht - Das Meininger 24-Stunden-Schwimmen","robots":{"index":"index","follow":"follow","max-snippet":"max-snippet:-1","max-image-preview":"max-image-preview:large","max-video-preview":"max-video-preview:-1"},"canonical":"https:\/\/24-stunden-schwimmen.de\/?p=388","og_locale":"de_DE","og_type":"article","og_title":"Der Termin 2022 steht - Das Meininger 24-Stunden-Schwimmen","og_description":"25. Meininger 24-Stunden-Schwimmen am 9.\/10. Juli 2022 im Meininger Freizeitzentrum &#8222;Rohrer Stirn&#8220;. In nicht einmal 170 Tagen wollen HaiNo und wir mit euch wieder das Meininger Wasser rocken, und zwar bei der 25. Auflage des Meininger 24-Stunden-Schwimmen. Am 9. Juli &hellip; Weiter","og_url":"https:\/\/24-stunden-schwimmen.de\/?p=388","og_site_name":"Das Meininger 24-Stunden-Schwimmen","article_publisher":"https:\/\/www.facebook.com\/Meininger24StundenSchwimmen","article_published_time":"2022-01-23T21:43:00+00:00","article_modified_time":"2022-01-23T21:48:05+00:00","og_image":[{"width":1200,"height":723,"url":"https:\/\/24-stunden-schwimmen.de\/wp-content\/uploads\/2022\/01\/2022_24h_Jubilaeum-scaled-e1642974315213.jpg","type":"image\/jpeg"}],"author":"Dirk Bradschetl","twitter_card":"summary_large_image","twitter_misc":{"Verfasst von":"Dirk Bradschetl","Gesch\u00e4tzte Lesezeit":"2\u00a0Minuten"},"schema":{"@context":"https:\/\/schema.org","@graph":[{"@type":"Article","@id":"https:\/\/24-stunden-schwimmen.de\/?p=388#article","isPartOf":{"@id":"https:\/\/24-stunden-schwimmen.de\/?p=388"},"author":{"name":"Dirk Bradschetl","@id":"https:\/\/24-stunden-schwimmen.de\/#\/schema\/person\/c49719a77f078e117efa20f756da9e24"},"headline":"Der Termin 2022 steht","datePublished":"2022-01-23T21:43:00+00:00","dateModified":"2022-01-23T21:48:05+00:00","mainEntityOfPage":{"@id":"https:\/\/24-stunden-schwimmen.de\/?p=388"},"wordCount":186,"publisher":{"@id":"https:\/\/24-stunden-schwimmen.de\/#organization"},"image":{"@id":"https:\/\/24-stunden-schwimmen.de\/?p=388#primaryimage"},"thumbnailUrl":"https:\/\/24-stunden-schwimmen.de\/wp-content\/uploads\/2022\/01\/2022_24h_Jubilaeum-scaled-e1642974315213.jpg","articleSection":["Uncategorized"],"inLanguage":"de"},{"@type":"WebPage","@id":"https:\/\/24-stunden-schwimmen.de\/?p=388","url":"https:\/\/24-stunden-schwimmen.de\/?p=388","name":"Der Termin 2022 steht - Das Meininger 24-Stunden-Schwimmen","isPartOf":{"@id":"https:\/\/24-stunden-schwimmen.de\/#website"},"primaryImageOfPage":{"@id":"https:\/\/24-stunden-schwimmen.de\/?p=388#primaryimage"},"image":{"@id":"https:\/\/24-stunden-schwimmen.de\/?p=388#primaryimage"},"thumbnailUrl":"https:\/\/24-stunden-schwimmen.de\/wp-content\/uploads\/2022\/01\/2022_24h_Jubilaeum-scaled-e1642974315213.jpg","datePublished":"2022-01-23T21:43:00+00:00","dateModified":"2022-01-23T21:48:05+00:00","breadcrumb":{"@id":"https:\/\/24-stunden-schwimmen.de\/?p=388#breadcrumb"},"inLanguage":"de","potentialAction":[{"@type":"ReadAction","target":["https:\/\/24-stunden-schwimmen.de\/?p=388"]}]},{"@type":"ImageObject","inLanguage":"de","@id":"https:\/\/24-stunden-schwimmen.de\/?p=388#primaryimage","url":"https:\/\/24-stunden-schwimmen.de\/wp-content\/uploads\/2022\/01\/2022_24h_Jubilaeum-scaled-e1642974315213.jpg","contentUrl":"https:\/\/24-stunden-schwimmen.de\/wp-content\/uploads\/2022\/01\/2022_24h_Jubilaeum-scaled-e1642974315213.jpg","width":1200,"height":723},{"@type":"BreadcrumbList","@id":"https:\/\/24-stunden-schwimmen.de\/?p=388#breadcrumb","itemListElement":[{"@type":"ListItem","position":1,"name":"Startseite","item":"https:\/\/24-stunden-schwimmen.de\/"},{"@type":"ListItem","position":2,"name":"Der Termin 2022 steht"}]},{"@type":"WebSite","@id":"https:\/\/24-stunden-schwimmen.de\/#website","url":"https:\/\/24-stunden-schwimmen.de\/","name":"Das Meininger 24-Stunden-Schwimmen","description":"Der Schwimmklassiker in Meiningen (Th\u00fcringen)","publisher":{"@id":"https:\/\/24-stunden-schwimmen.de\/#organization"},"potentialAction":[{"@type":"SearchAction","target":{"@type":"EntryPoint","urlTemplate":"https:\/\/24-stunden-schwimmen.de\/?s={search_term_string}"},"query-input":{"@type":"PropertyValueSpecification","valueRequired":true,"valueName":"search_term_string"}}],"inLanguage":"de"},{"@type":"Organization","@id":"https:\/\/24-stunden-schwimmen.de\/#organization","name":"Meininger Schwimmverein \"Wasserfreunde\" e.V.","url":"https:\/\/24-stunden-schwimmen.de\/","logo":{"@type":"ImageObject","inLanguage":"de","@id":"https:\/\/24-stunden-schwimmen.de\/#\/schema\/logo\/image\/","url":"https:\/\/24-stunden-schwimmen.de\/wp-content\/uploads\/2023\/06\/24h-Logo.webp","contentUrl":"https:\/\/24-stunden-schwimmen.de\/wp-content\/uploads\/2023\/06\/24h-Logo.webp","width":320,"height":330,"caption":"Meininger Schwimmverein \"Wasserfreunde\" e.V."},"image":{"@id":"https:\/\/24-stunden-schwimmen.de\/#\/schema\/logo\/image\/"},"sameAs":["https:\/\/www.facebook.com\/Meininger24StundenSchwimmen","https:\/\/www.instagram.com\/svwasserfreunde\/","https:\/\/www.youtube.com\/channel\/UC6X4rRlZrgOI3k-11MJbr6A\/featured"]},{"@type":"Person","@id":"https:\/\/24-stunden-schwimmen.de\/#\/schema\/person\/c49719a77f078e117efa20f756da9e24","name":"Dirk Bradschetl","image":{"@type":"ImageObject","inLanguage":"de","@id":"https:\/\/secure.gravatar.com\/avatar\/6e243aed87ea9fe28d2ee9c0fde412bffaff3ac500cb85433a9c5cbd2ffabad7?s=96&d=mm&r=g","url":"https:\/\/secure.gravatar.com\/avatar\/6e243aed87ea9fe28d2ee9c0fde412bffaff3ac500cb85433a9c5cbd2ffabad7?s=96&d=mm&r=g","contentUrl":"https:\/\/secure.gravatar.com\/avatar\/6e243aed87ea9fe28d2ee9c0fde412bffaff3ac500cb85433a9c5cbd2ffabad7?s=96&d=mm&r=g","caption":"Dirk Bradschetl"},"url":"https:\/\/24-stunden-schwimmen.de\/?author=3"}]}},"_links":{"self":[{"href":"https:\/\/24-stunden-schwimmen.de\/index.php?rest_route=\/wp\/v2\/posts\/388","targetHints":{"allow":["GET"]}}],"collection":[{"href":"https:\/\/24-stunden-schwimmen.de\/index.php?rest_route=\/wp\/v2\/posts"}],"about":[{"href":"https:\/\/24-stunden-schwimmen.de\/index.php?rest_route=\/wp\/v2\/types\/post"}],"author":[{"embeddable":true,"href":"https:\/\/24-stunden-schwimmen.de\/index.php?rest_route=\/wp\/v2\/users\/3"}],"replies":[{"embeddable":true,"href":"https:\/\/24-stunden-schwimmen.de\/index.php?rest_route=%2Fwp%2Fv2%2Fcomments&post=388"}],"version-history":[{"count":3,"href":"https:\/\/24-stunden-schwimmen.de\/index.php?rest_route=\/wp\/v2\/posts\/388\/revisions"}],"predecessor-version":[{"id":394,"href":"https:\/\/24-stunden-schwimmen.de\/index.php?rest_route=\/wp\/v2\/posts\/388\/revisions\/394"}],"wp:featuredmedia":[{"embeddable":true,"href":"https:\/\/24-stunden-schwimmen.de\/index.php?rest_route=\/wp\/v2\/media\/391"}],"wp:attachment":[{"href":"https:\/\/24-stunden-schwimmen.de\/index.php?rest_route=%2Fwp%2Fv2%2Fmedia&parent=388"}],"wp:term":[{"taxonomy":"category","embeddable":true,"href":"https:\/\/24-stunden-schwimmen.de\/index.php?rest_route=%2Fwp%2Fv2%2Fcategories&post=388"},{"taxonomy":"post_tag","embeddable":true,"href":"https:\/\/24-stunden-schwimmen.de\/index.php?rest_route=%2Fwp%2Fv2%2Ftags&post=388"}],"curies":[{"name":"wp","href":"https:\/\/api.w.org\/{rel}","templated":true}]}}