{"id":376,"date":"2021-10-09T13:15:59","date_gmt":"2021-10-09T11:15:59","guid":{"rendered":"https:\/\/24-stunden-schwimmen.de\/?p=376"},"modified":"2021-10-09T13:17:03","modified_gmt":"2021-10-09T11:17:03","slug":"siegerehrung-2021","status":"publish","type":"post","link":"https:\/\/24-stunden-schwimmen.de\/?p=376","title":{"rendered":"Siegerehrung 2021"},"content":{"rendered":"\n<figure class=\"wp-block-image size-full\"><img loading=\"lazy\" decoding=\"async\" width=\"992\" height=\"744\" src=\"https:\/\/24-stunden-schwimmen.de\/wp-content\/uploads\/2021\/10\/2021_24t_medaillen_kl.jpg\" alt=\"\" class=\"wp-image-377\" srcset=\"https:\/\/24-stunden-schwimmen.de\/wp-content\/uploads\/2021\/10\/2021_24t_medaillen_kl.jpg 992w, https:\/\/24-stunden-schwimmen.de\/wp-content\/uploads\/2021\/10\/2021_24t_medaillen_kl-300x225.jpg 300w, https:\/\/24-stunden-schwimmen.de\/wp-content\/uploads\/2021\/10\/2021_24t_medaillen_kl-768x576.jpg 768w\" sizes=\"auto, (max-width: 992px) 100vw, 992px\" \/><figcaption><br><strong>Am Freitag, 15. Oktober 2021 um 18.30 Uhr<\/strong>, werden wir im Pavillon im Meininger Freizeitzentrum \u201eRohrer Stirn\u201c alle Sieger\/innen und alle Medaillen-Gewinner\/innen vom diesj\u00e4hrigen Meininger 24-Tage-Schwimmen ehren \u2026 Hol Dir GOLD, wenn Du beim Wettbewerb an 24 Tagen Schwimm-Meter gesammelt hast. Hol Dir Silber f\u00fcr mindestens 16 Tage oder Bronze f\u00fcr mindestens 8 Tage. F\u00fcr alle mit mehr als 24 Tagen oder mindestens 100.000 Schwimm-Meter gibt es zus\u00e4tzlich PLATIN! <strong>DU geh\u00f6rst dazu, wenn Du deinen Namen in der folgenden Liste findest!<\/strong> Herzlichen Gl\u00fcckwunsch! <\/figcaption><\/figure>\n\n\n\n<p><strong>Zusatz-Medaille Platin<\/strong> f\u00fcr alle, die mehr als 24 Tage mitgemacht haben oder mindestens 100.000m geschwommen sind<\/p>\n\n\n\n<p>Thomas Triebel, 52 Tage \/ Gerlinde Pasch, 44 Tage \/ Werner Schubert, 42 Tage \/ Edda Driesel, 41 Tage \/ Renate Pf\u00fctzner, 40 Tage  \/  Hanna Vonhoff, 39 Tage  \/  Bettina Fritsch, 36 Tage  \/  Kerstin Hild, 36 Tage  \/  Erhard Mescha, 36 Tage  \/  Sabine Mescha, 36 Tage  \/  Ute Hofmann, 34 Tage  \/  Peter Kaufmann, 28 Tage  \/  Erik Jacob, 28 Tage  \/  Manuela Heidenreich, 27 Tage  \/  Angela Hans, 25 Tage  \/  Kerstin Behrendt, 25 Tage<\/p>\n\n\n\n<p>Sven Eckardt, 282.000m  \/  Peter Kaufmann, 205.900m  \/  Jacqueline Schleicher, 200.200m  \/  Gregor Fuchs, 155.550m  \/  Markus Egerland, 139.800m  \/  Falko M\u00fcller, 133.250m  \/  Erik Jacob, 127.800m  \/  Kristin Fr\u00f6hlich, 122.300m  \/  Maren Kremmer, 106.255m  \/  Greta Bastubbe, 100.000m<\/p>\n\n\n\n<p><strong>Gold-Medaille (24 Tage)<\/strong><\/p>\n\n\n\n<p>Sven Eckardt, G\u00e4rtingen  \/  Peter Kaufmann, Meiningen  \/  Jacqueline Schleicher, Schwallungen  \/  Markus Egerland, Meiningen  \/  Falko M\u00fcller, Meiningen  \/  Erik Jacob, Suhl  \/  Maren Kremmer, Grobsdorf  \/  Greta Bastubbe, Meiningen  \/  Stefan Loidolt, Meiningen  \/  Thomas Triebel, Meiningen  \/  Antje Hoffmann, Bermbach  \/  Bernd Hebenstreit, Meiningen  \/  Bettina Fritsch, Meiningen  \/  Nancy Marr, Meiningen  \/  Susan Freund, Meiningen  \/  Kerstin Hild, Meiningen  \/  Detlef Flack, Drei\u00dfigacker  \/  Angela Hans, Meiningen  \/  Franziska Wiemer, Meiningen  \/  Ute Hofmann, Meiningen  \/  B\u00e4rbel Zimkeit, Ellingshausen  \/  Gerhard Fischer, Meiningen  \/  Erhard Mescha, Meiningen  \/  Manuela Heidenreich, Meiningen  \/  Bernd Keppler, Meiningen  \/  Marion Lindner, Meiningen  \/  Sabine Mescha, Meiningen  \/  Sophie Krosse, Meiningen  \/  Volkhardt Brennecke, Meiningen  \/  Kerstin Behrendt, Themar  \/  Liese Reinhardt, Metzels  \/  Robert Maier, Meiningen  \/  Lian Katzenberger, R\u00f6mhild  \/  Gerlinde Pasch, Meiningen  \/  Werner Schubert, Meiningen  \/  Renate Pf\u00fctzner, Meiningen  \/  Ulrich Schwabe, Meiningen  \/  Hanna Vonhoff, Meiningen  \/  Hannelore Lips, Meiningen<\/p>\n\n\n\n<p><strong>Silber-Medaille (mindestens 16 Tage)<\/strong><\/p>\n\n\n\n<p>Gregor Fuchs, Filderstadt  \/  Tatjana Egerland, Meiningen  \/  Hilde Kahle, Meiningen  \/  Margit Krejpowicz, Meiningen  \/  Ralf Liebe, Mittelstille  \/  Klaus Wegner, Meiningen  \/  Karin P\u00f6tzschig, Meiningen  \/  Dana Schmidt, Meiningen  \/  Edda Driesel, Meiningen  \/  Paul-Friedrich Scheerle, Grabfeld  \/  Elke Reinecke, Meiningen  \/  Weigel Rivana, Meiningen  \/  Jan Bradschetl, Meiningen  \/  Andreas Krejpowicz, Meiningen  \/  Ian Freund, Meiningen  \/  Luke Reckwell, Meiningen  \/  Jana Behrendt, Themar  \/  Jan Behrendt, Themar<\/p>\n\n\n\n<p><strong>Bronze-Medaille (mindestens 8 Tage)<\/strong><\/p>\n\n\n\n<p>Kristin Fr\u00f6hlich, Suhl  \/  Ulf Karnikowski, Gro\u00dfenseebach  \/  Jessica Pakusa, Meiningen  \/  Beate Vierling, Schwarza  \/  Corinna Licht, Meiningen  \/  Carolin Jacob, Suhl  \/  Evelyn Schlausch, Berlin  \/  Thomas Beyer, Meiningen  \/  Linda Arnold, Meiningen  \/  Thomas Juda, Unterma\u00dffeld  \/  B\u00e4rbel Zimtkeit, Ellingshausen  \/  Anton Warmduscher, G\u00e4rtingen  \/  Jonas Bastubbe, Meiningen  \/  Tina Schwabe, Meiningen  \/  Andreas Pietsch, Zella-Mehlis  \/  Levi Reckwell, Meiningen  \/  Annette Wilde, Meiningen  \/  Manfred H\u00fcther, Meiningen  \/  Helke Baier, Meiningen  \/  Angela Bauer, Meiningen  \/  Rene Jensen, Unterma\u00dffeld  \/  Simone Fulczyk, Meiningen  \/  Simone G\u00fcnther, Meiningen  \/  Christa Stumpf, Meiningen  \/  Ulrike H\u00fcther, Meiningen  \/  Arik Juda, Unterma\u00dffeld  \/  Jens Reckwell, Meiningen  \/  Karolin Pittorf, Meiningen  \/  Ralf K\u00f6hler, Meiningen  \/  Angela Gierckemfu, Meiningen  \/  Antje Pfeifer, Wasungen  \/  Frank Fehringer, S\u00fclzfeld  \/  Anke Grieger-Hilpert, Unterma\u00dffeld  \/  Cornelia Hagedorn, Meiningen  \/  Cornelia Krause, Meiningen  \/  Mary M\u00fcndrich, Meiningen  \/  Tanja Scharfenberger, Meiningen  \/  Lene Gei\u00dfenh\u00f6ner, Drei\u00dfigacker  \/  Helga Mischurke, Meiningen  \/  Matthias Beer, Stressenhausen  \/  Gisela Stenzel, Meiningen  \/  Martina Baumann, Meiningen  \/  Daniela Otto, Rohr  \/  Laya-Jay Fleck, Stressenhausen  \/  Anni Simon, Meiningen  \/  John Fu\u00df, Wasungen  \/  Dirk Bradschetl, Meiningen<\/p>\n","protected":false},"excerpt":{"rendered":"<p>Zusatz-Medaille Platin f\u00fcr alle, die mehr als 24 Tage mitgemacht haben oder mindestens 100.000m geschwommen sind Thomas Triebel, 52 Tage \/ Gerlinde Pasch, 44 Tage \/ Werner Schubert, 42 Tage \/ Edda Driesel, 41 Tage \/ Renate Pf\u00fctzner, 40 Tage &hellip; <a href=\"https:\/\/24-stunden-schwimmen.de\/?p=376\">Weiter<\/a><\/p>\n","protected":false},"author":3,"featured_media":378,"comment_status":"closed","ping_status":"closed","sticky":false,"template":"","format":"standard","meta":{"_eb_attr":"","kt_blocks_editor_width":"","footnotes":""},"categories":[1],"tags":[],"class_list":["post-376","post","type-post","status-publish","format-standard","has-post-thumbnail","hentry","category-uncategorized"],"yoast_head":"<!-- This site is optimized with the Yoast SEO plugin v27.5 - https:\/\/yoast.com\/product\/yoast-seo-wordpress\/ -->\n<title>Siegerehrung 2021 - Das Meininger 24-Stunden-Schwimmen<\/title>\n<meta name=\"robots\" content=\"index, follow, max-snippet:-1, max-image-preview:large, max-video-preview:-1\" \/>\n<link rel=\"canonical\" href=\"https:\/\/24-stunden-schwimmen.de\/?p=376\" \/>\n<meta property=\"og:locale\" content=\"de_DE\" \/>\n<meta property=\"og:type\" content=\"article\" \/>\n<meta property=\"og:title\" content=\"Siegerehrung 2021 - Das Meininger 24-Stunden-Schwimmen\" \/>\n<meta property=\"og:description\" content=\"Zusatz-Medaille Platin f\u00fcr alle, die mehr als 24 Tage mitgemacht haben oder mindestens 100.000m geschwommen sind Thomas Triebel, 52 Tage \/ Gerlinde Pasch, 44 Tage \/ Werner Schubert, 42 Tage \/ Edda Driesel, 41 Tage \/ Renate Pf\u00fctzner, 40 Tage &hellip; Weiter\" \/>\n<meta property=\"og:url\" content=\"https:\/\/24-stunden-schwimmen.de\/?p=376\" \/>\n<meta property=\"og:site_name\" content=\"Das Meininger 24-Stunden-Schwimmen\" \/>\n<meta property=\"article:publisher\" content=\"https:\/\/www.facebook.com\/Meininger24StundenSchwimmen\" \/>\n<meta property=\"article:published_time\" content=\"2021-10-09T11:15:59+00:00\" \/>\n<meta property=\"article:modified_time\" content=\"2021-10-09T11:17:03+00:00\" \/>\n<meta property=\"og:image\" content=\"https:\/\/24-stunden-schwimmen.de\/wp-content\/uploads\/2021\/10\/2021_24t_siegerehrung_web.jpg\" \/>\n\t<meta property=\"og:image:width\" content=\"992\" \/>\n\t<meta property=\"og:image:height\" content=\"594\" \/>\n\t<meta property=\"og:image:type\" content=\"image\/jpeg\" \/>\n<meta name=\"author\" content=\"Dirk Bradschetl\" \/>\n<meta name=\"twitter:card\" content=\"summary_large_image\" \/>\n<meta name=\"twitter:label1\" content=\"Verfasst von\" \/>\n\t<meta name=\"twitter:data1\" content=\"Dirk Bradschetl\" \/>\n\t<meta name=\"twitter:label2\" content=\"Gesch\u00e4tzte Lesezeit\" \/>\n\t<meta name=\"twitter:data2\" content=\"4\u00a0Minuten\" \/>\n<script type=\"application\/ld+json\" class=\"yoast-schema-graph\">{\"@context\":\"https:\\\/\\\/schema.org\",\"@graph\":[{\"@type\":\"Article\",\"@id\":\"https:\\\/\\\/24-stunden-schwimmen.de\\\/?p=376#article\",\"isPartOf\":{\"@id\":\"https:\\\/\\\/24-stunden-schwimmen.de\\\/?p=376\"},\"author\":{\"name\":\"Dirk Bradschetl\",\"@id\":\"https:\\\/\\\/24-stunden-schwimmen.de\\\/#\\\/schema\\\/person\\\/c49719a77f078e117efa20f756da9e24\"},\"headline\":\"Siegerehrung 2021\",\"datePublished\":\"2021-10-09T11:15:59+00:00\",\"dateModified\":\"2021-10-09T11:17:03+00:00\",\"mainEntityOfPage\":{\"@id\":\"https:\\\/\\\/24-stunden-schwimmen.de\\\/?p=376\"},\"wordCount\":525,\"publisher\":{\"@id\":\"https:\\\/\\\/24-stunden-schwimmen.de\\\/#organization\"},\"image\":{\"@id\":\"https:\\\/\\\/24-stunden-schwimmen.de\\\/?p=376#primaryimage\"},\"thumbnailUrl\":\"https:\\\/\\\/24-stunden-schwimmen.de\\\/wp-content\\\/uploads\\\/2021\\\/10\\\/2021_24t_siegerehrung_web.jpg\",\"articleSection\":[\"Uncategorized\"],\"inLanguage\":\"de\"},{\"@type\":\"WebPage\",\"@id\":\"https:\\\/\\\/24-stunden-schwimmen.de\\\/?p=376\",\"url\":\"https:\\\/\\\/24-stunden-schwimmen.de\\\/?p=376\",\"name\":\"Siegerehrung 2021 - Das Meininger 24-Stunden-Schwimmen\",\"isPartOf\":{\"@id\":\"https:\\\/\\\/24-stunden-schwimmen.de\\\/#website\"},\"primaryImageOfPage\":{\"@id\":\"https:\\\/\\\/24-stunden-schwimmen.de\\\/?p=376#primaryimage\"},\"image\":{\"@id\":\"https:\\\/\\\/24-stunden-schwimmen.de\\\/?p=376#primaryimage\"},\"thumbnailUrl\":\"https:\\\/\\\/24-stunden-schwimmen.de\\\/wp-content\\\/uploads\\\/2021\\\/10\\\/2021_24t_siegerehrung_web.jpg\",\"datePublished\":\"2021-10-09T11:15:59+00:00\",\"dateModified\":\"2021-10-09T11:17:03+00:00\",\"breadcrumb\":{\"@id\":\"https:\\\/\\\/24-stunden-schwimmen.de\\\/?p=376#breadcrumb\"},\"inLanguage\":\"de\",\"potentialAction\":[{\"@type\":\"ReadAction\",\"target\":[\"https:\\\/\\\/24-stunden-schwimmen.de\\\/?p=376\"]}]},{\"@type\":\"ImageObject\",\"inLanguage\":\"de\",\"@id\":\"https:\\\/\\\/24-stunden-schwimmen.de\\\/?p=376#primaryimage\",\"url\":\"https:\\\/\\\/24-stunden-schwimmen.de\\\/wp-content\\\/uploads\\\/2021\\\/10\\\/2021_24t_siegerehrung_web.jpg\",\"contentUrl\":\"https:\\\/\\\/24-stunden-schwimmen.de\\\/wp-content\\\/uploads\\\/2021\\\/10\\\/2021_24t_siegerehrung_web.jpg\",\"width\":992,\"height\":594},{\"@type\":\"BreadcrumbList\",\"@id\":\"https:\\\/\\\/24-stunden-schwimmen.de\\\/?p=376#breadcrumb\",\"itemListElement\":[{\"@type\":\"ListItem\",\"position\":1,\"name\":\"Startseite\",\"item\":\"https:\\\/\\\/24-stunden-schwimmen.de\\\/\"},{\"@type\":\"ListItem\",\"position\":2,\"name\":\"Siegerehrung 2021\"}]},{\"@type\":\"WebSite\",\"@id\":\"https:\\\/\\\/24-stunden-schwimmen.de\\\/#website\",\"url\":\"https:\\\/\\\/24-stunden-schwimmen.de\\\/\",\"name\":\"Das Meininger 24-Stunden-Schwimmen\",\"description\":\"Der Schwimmklassiker in Meiningen (Th\u00fcringen)\",\"publisher\":{\"@id\":\"https:\\\/\\\/24-stunden-schwimmen.de\\\/#organization\"},\"potentialAction\":[{\"@type\":\"SearchAction\",\"target\":{\"@type\":\"EntryPoint\",\"urlTemplate\":\"https:\\\/\\\/24-stunden-schwimmen.de\\\/?s={search_term_string}\"},\"query-input\":{\"@type\":\"PropertyValueSpecification\",\"valueRequired\":true,\"valueName\":\"search_term_string\"}}],\"inLanguage\":\"de\"},{\"@type\":\"Organization\",\"@id\":\"https:\\\/\\\/24-stunden-schwimmen.de\\\/#organization\",\"name\":\"Meininger Schwimmverein \\\"Wasserfreunde\\\" e.V.\",\"url\":\"https:\\\/\\\/24-stunden-schwimmen.de\\\/\",\"logo\":{\"@type\":\"ImageObject\",\"inLanguage\":\"de\",\"@id\":\"https:\\\/\\\/24-stunden-schwimmen.de\\\/#\\\/schema\\\/logo\\\/image\\\/\",\"url\":\"https:\\\/\\\/24-stunden-schwimmen.de\\\/wp-content\\\/uploads\\\/2023\\\/06\\\/24h-Logo.webp\",\"contentUrl\":\"https:\\\/\\\/24-stunden-schwimmen.de\\\/wp-content\\\/uploads\\\/2023\\\/06\\\/24h-Logo.webp\",\"width\":320,\"height\":330,\"caption\":\"Meininger Schwimmverein \\\"Wasserfreunde\\\" e.V.\"},\"image\":{\"@id\":\"https:\\\/\\\/24-stunden-schwimmen.de\\\/#\\\/schema\\\/logo\\\/image\\\/\"},\"sameAs\":[\"https:\\\/\\\/www.facebook.com\\\/Meininger24StundenSchwimmen\",\"https:\\\/\\\/www.instagram.com\\\/svwasserfreunde\\\/\",\"https:\\\/\\\/www.youtube.com\\\/channel\\\/UC6X4rRlZrgOI3k-11MJbr6A\\\/featured\"]},{\"@type\":\"Person\",\"@id\":\"https:\\\/\\\/24-stunden-schwimmen.de\\\/#\\\/schema\\\/person\\\/c49719a77f078e117efa20f756da9e24\",\"name\":\"Dirk Bradschetl\",\"image\":{\"@type\":\"ImageObject\",\"inLanguage\":\"de\",\"@id\":\"https:\\\/\\\/secure.gravatar.com\\\/avatar\\\/6e243aed87ea9fe28d2ee9c0fde412bffaff3ac500cb85433a9c5cbd2ffabad7?s=96&d=mm&r=g\",\"url\":\"https:\\\/\\\/secure.gravatar.com\\\/avatar\\\/6e243aed87ea9fe28d2ee9c0fde412bffaff3ac500cb85433a9c5cbd2ffabad7?s=96&d=mm&r=g\",\"contentUrl\":\"https:\\\/\\\/secure.gravatar.com\\\/avatar\\\/6e243aed87ea9fe28d2ee9c0fde412bffaff3ac500cb85433a9c5cbd2ffabad7?s=96&d=mm&r=g\",\"caption\":\"Dirk Bradschetl\"},\"url\":\"https:\\\/\\\/24-stunden-schwimmen.de\\\/?author=3\"}]}<\/script>\n<!-- \/ Yoast SEO plugin. -->","yoast_head_json":{"title":"Siegerehrung 2021 - Das Meininger 24-Stunden-Schwimmen","robots":{"index":"index","follow":"follow","max-snippet":"max-snippet:-1","max-image-preview":"max-image-preview:large","max-video-preview":"max-video-preview:-1"},"canonical":"https:\/\/24-stunden-schwimmen.de\/?p=376","og_locale":"de_DE","og_type":"article","og_title":"Siegerehrung 2021 - Das Meininger 24-Stunden-Schwimmen","og_description":"Zusatz-Medaille Platin f\u00fcr alle, die mehr als 24 Tage mitgemacht haben oder mindestens 100.000m geschwommen sind Thomas Triebel, 52 Tage \/ Gerlinde Pasch, 44 Tage \/ Werner Schubert, 42 Tage \/ Edda Driesel, 41 Tage \/ Renate Pf\u00fctzner, 40 Tage &hellip; Weiter","og_url":"https:\/\/24-stunden-schwimmen.de\/?p=376","og_site_name":"Das Meininger 24-Stunden-Schwimmen","article_publisher":"https:\/\/www.facebook.com\/Meininger24StundenSchwimmen","article_published_time":"2021-10-09T11:15:59+00:00","article_modified_time":"2021-10-09T11:17:03+00:00","og_image":[{"width":992,"height":594,"url":"https:\/\/24-stunden-schwimmen.de\/wp-content\/uploads\/2021\/10\/2021_24t_siegerehrung_web.jpg","type":"image\/jpeg"}],"author":"Dirk Bradschetl","twitter_card":"summary_large_image","twitter_misc":{"Verfasst von":"Dirk Bradschetl","Gesch\u00e4tzte Lesezeit":"4\u00a0Minuten"},"schema":{"@context":"https:\/\/schema.org","@graph":[{"@type":"Article","@id":"https:\/\/24-stunden-schwimmen.de\/?p=376#article","isPartOf":{"@id":"https:\/\/24-stunden-schwimmen.de\/?p=376"},"author":{"name":"Dirk Bradschetl","@id":"https:\/\/24-stunden-schwimmen.de\/#\/schema\/person\/c49719a77f078e117efa20f756da9e24"},"headline":"Siegerehrung 2021","datePublished":"2021-10-09T11:15:59+00:00","dateModified":"2021-10-09T11:17:03+00:00","mainEntityOfPage":{"@id":"https:\/\/24-stunden-schwimmen.de\/?p=376"},"wordCount":525,"publisher":{"@id":"https:\/\/24-stunden-schwimmen.de\/#organization"},"image":{"@id":"https:\/\/24-stunden-schwimmen.de\/?p=376#primaryimage"},"thumbnailUrl":"https:\/\/24-stunden-schwimmen.de\/wp-content\/uploads\/2021\/10\/2021_24t_siegerehrung_web.jpg","articleSection":["Uncategorized"],"inLanguage":"de"},{"@type":"WebPage","@id":"https:\/\/24-stunden-schwimmen.de\/?p=376","url":"https:\/\/24-stunden-schwimmen.de\/?p=376","name":"Siegerehrung 2021 - Das Meininger 24-Stunden-Schwimmen","isPartOf":{"@id":"https:\/\/24-stunden-schwimmen.de\/#website"},"primaryImageOfPage":{"@id":"https:\/\/24-stunden-schwimmen.de\/?p=376#primaryimage"},"image":{"@id":"https:\/\/24-stunden-schwimmen.de\/?p=376#primaryimage"},"thumbnailUrl":"https:\/\/24-stunden-schwimmen.de\/wp-content\/uploads\/2021\/10\/2021_24t_siegerehrung_web.jpg","datePublished":"2021-10-09T11:15:59+00:00","dateModified":"2021-10-09T11:17:03+00:00","breadcrumb":{"@id":"https:\/\/24-stunden-schwimmen.de\/?p=376#breadcrumb"},"inLanguage":"de","potentialAction":[{"@type":"ReadAction","target":["https:\/\/24-stunden-schwimmen.de\/?p=376"]}]},{"@type":"ImageObject","inLanguage":"de","@id":"https:\/\/24-stunden-schwimmen.de\/?p=376#primaryimage","url":"https:\/\/24-stunden-schwimmen.de\/wp-content\/uploads\/2021\/10\/2021_24t_siegerehrung_web.jpg","contentUrl":"https:\/\/24-stunden-schwimmen.de\/wp-content\/uploads\/2021\/10\/2021_24t_siegerehrung_web.jpg","width":992,"height":594},{"@type":"BreadcrumbList","@id":"https:\/\/24-stunden-schwimmen.de\/?p=376#breadcrumb","itemListElement":[{"@type":"ListItem","position":1,"name":"Startseite","item":"https:\/\/24-stunden-schwimmen.de\/"},{"@type":"ListItem","position":2,"name":"Siegerehrung 2021"}]},{"@type":"WebSite","@id":"https:\/\/24-stunden-schwimmen.de\/#website","url":"https:\/\/24-stunden-schwimmen.de\/","name":"Das Meininger 24-Stunden-Schwimmen","description":"Der Schwimmklassiker in Meiningen (Th\u00fcringen)","publisher":{"@id":"https:\/\/24-stunden-schwimmen.de\/#organization"},"potentialAction":[{"@type":"SearchAction","target":{"@type":"EntryPoint","urlTemplate":"https:\/\/24-stunden-schwimmen.de\/?s={search_term_string}"},"query-input":{"@type":"PropertyValueSpecification","valueRequired":true,"valueName":"search_term_string"}}],"inLanguage":"de"},{"@type":"Organization","@id":"https:\/\/24-stunden-schwimmen.de\/#organization","name":"Meininger Schwimmverein \"Wasserfreunde\" e.V.","url":"https:\/\/24-stunden-schwimmen.de\/","logo":{"@type":"ImageObject","inLanguage":"de","@id":"https:\/\/24-stunden-schwimmen.de\/#\/schema\/logo\/image\/","url":"https:\/\/24-stunden-schwimmen.de\/wp-content\/uploads\/2023\/06\/24h-Logo.webp","contentUrl":"https:\/\/24-stunden-schwimmen.de\/wp-content\/uploads\/2023\/06\/24h-Logo.webp","width":320,"height":330,"caption":"Meininger Schwimmverein \"Wasserfreunde\" e.V."},"image":{"@id":"https:\/\/24-stunden-schwimmen.de\/#\/schema\/logo\/image\/"},"sameAs":["https:\/\/www.facebook.com\/Meininger24StundenSchwimmen","https:\/\/www.instagram.com\/svwasserfreunde\/","https:\/\/www.youtube.com\/channel\/UC6X4rRlZrgOI3k-11MJbr6A\/featured"]},{"@type":"Person","@id":"https:\/\/24-stunden-schwimmen.de\/#\/schema\/person\/c49719a77f078e117efa20f756da9e24","name":"Dirk Bradschetl","image":{"@type":"ImageObject","inLanguage":"de","@id":"https:\/\/secure.gravatar.com\/avatar\/6e243aed87ea9fe28d2ee9c0fde412bffaff3ac500cb85433a9c5cbd2ffabad7?s=96&d=mm&r=g","url":"https:\/\/secure.gravatar.com\/avatar\/6e243aed87ea9fe28d2ee9c0fde412bffaff3ac500cb85433a9c5cbd2ffabad7?s=96&d=mm&r=g","contentUrl":"https:\/\/secure.gravatar.com\/avatar\/6e243aed87ea9fe28d2ee9c0fde412bffaff3ac500cb85433a9c5cbd2ffabad7?s=96&d=mm&r=g","caption":"Dirk Bradschetl"},"url":"https:\/\/24-stunden-schwimmen.de\/?author=3"}]}},"_links":{"self":[{"href":"https:\/\/24-stunden-schwimmen.de\/index.php?rest_route=\/wp\/v2\/posts\/376","targetHints":{"allow":["GET"]}}],"collection":[{"href":"https:\/\/24-stunden-schwimmen.de\/index.php?rest_route=\/wp\/v2\/posts"}],"about":[{"href":"https:\/\/24-stunden-schwimmen.de\/index.php?rest_route=\/wp\/v2\/types\/post"}],"author":[{"embeddable":true,"href":"https:\/\/24-stunden-schwimmen.de\/index.php?rest_route=\/wp\/v2\/users\/3"}],"replies":[{"embeddable":true,"href":"https:\/\/24-stunden-schwimmen.de\/index.php?rest_route=%2Fwp%2Fv2%2Fcomments&post=376"}],"version-history":[{"count":1,"href":"https:\/\/24-stunden-schwimmen.de\/index.php?rest_route=\/wp\/v2\/posts\/376\/revisions"}],"predecessor-version":[{"id":379,"href":"https:\/\/24-stunden-schwimmen.de\/index.php?rest_route=\/wp\/v2\/posts\/376\/revisions\/379"}],"wp:featuredmedia":[{"embeddable":true,"href":"https:\/\/24-stunden-schwimmen.de\/index.php?rest_route=\/wp\/v2\/media\/378"}],"wp:attachment":[{"href":"https:\/\/24-stunden-schwimmen.de\/index.php?rest_route=%2Fwp%2Fv2%2Fmedia&parent=376"}],"wp:term":[{"taxonomy":"category","embeddable":true,"href":"https:\/\/24-stunden-schwimmen.de\/index.php?rest_route=%2Fwp%2Fv2%2Fcategories&post=376"},{"taxonomy":"post_tag","embeddable":true,"href":"https:\/\/24-stunden-schwimmen.de\/index.php?rest_route=%2Fwp%2Fv2%2Ftags&post=376"}],"curies":[{"name":"wp","href":"https:\/\/api.w.org\/{rel}","templated":true}]}}